{"id":22019,"date":"2025-09-19T18:35:41","date_gmt":"2025-09-19T16:35:41","guid":{"rendered":"https:\/\/wgphoto.pl\/t\/?p=22019"},"modified":"2025-09-19T18:35:41","modified_gmt":"2025-09-19T16:35:41","slug":"wieczor-w-koszycach","status":"publish","type":"post","link":"https:\/\/wgphoto.pl\/t\/?p=22019","title":{"rendered":"Wiecz\u00f3r w Koszycach"},"content":{"rendered":"\n<figure class=\"wp-block-image aligncenter size-full\"><img loading=\"lazy\" decoding=\"async\" width=\"1400\" height=\"927\" src=\"https:\/\/wgphoto.pl\/t\/wp-content\/uploads\/2025\/09\/IMGP6528.jpg\" alt=\"\" class=\"wp-image-22020\" srcset=\"https:\/\/wgphoto.pl\/t\/wp-content\/uploads\/2025\/09\/IMGP6528.jpg 1400w, https:\/\/wgphoto.pl\/t\/wp-content\/uploads\/2025\/09\/IMGP6528-300x199.jpg 300w, https:\/\/wgphoto.pl\/t\/wp-content\/uploads\/2025\/09\/IMGP6528-768x509.jpg 768w\" sizes=\"auto, (max-width: 1400px) 100vw, 1400px\" \/><\/figure>\n\n\n\n<div class=\"wp-block-group has-global-padding is-layout-constrained wp-block-group-is-layout-constrained\">\n<p>Koszyce, Ju\u017en\u00e1 trieda. Wagon Pragoimex Vario LF2+ nr 812 zatrzymuje si\u0119 na przystanku N\u00e1mestie oslobodite\u013eov. 02.05.2024<\/p>\n<\/div>\n","protected":false},"excerpt":{"rendered":"<p>Koszyce, Ju\u017en\u00e1 trieda. Wagon Pragoimex Vario LF2+ nr 812 zatrzymuje si\u0119 na przystanku N\u00e1mestie oslobodite\u013eov. 02.05.2024<\/p>\n","protected":false},"author":1,"featured_media":22020,"comment_status":"open","ping_status":"","sticky":false,"template":"","format":"standard","meta":{"footnotes":""},"categories":[5,3],"tags":[764,91,1359,1358,759,675,1243,90],"class_list":["post-22019","post","type-post","status-publish","format-standard","has-post-thumbnail","hentry","category-2024r","category-tramwaj","tag-2024-05-02","tag-blue-hour","tag-dpmk-kosice","tag-koszyce","tag-majowka-2024","tag-slowacja","tag-vario-lf","tag-wieczorem"],"_links":{"self":[{"href":"https:\/\/wgphoto.pl\/t\/index.php?rest_route=\/wp\/v2\/posts\/22019","targetHints":{"allow":["GET"]}}],"collection":[{"href":"https:\/\/wgphoto.pl\/t\/index.php?rest_route=\/wp\/v2\/posts"}],"about":[{"href":"https:\/\/wgphoto.pl\/t\/index.php?rest_route=\/wp\/v2\/types\/post"}],"author":[{"embeddable":true,"href":"https:\/\/wgphoto.pl\/t\/index.php?rest_route=\/wp\/v2\/users\/1"}],"replies":[{"embeddable":true,"href":"https:\/\/wgphoto.pl\/t\/index.php?rest_route=%2Fwp%2Fv2%2Fcomments&post=22019"}],"version-history":[{"count":1,"href":"https:\/\/wgphoto.pl\/t\/index.php?rest_route=\/wp\/v2\/posts\/22019\/revisions"}],"predecessor-version":[{"id":22021,"href":"https:\/\/wgphoto.pl\/t\/index.php?rest_route=\/wp\/v2\/posts\/22019\/revisions\/22021"}],"wp:featuredmedia":[{"embeddable":true,"href":"https:\/\/wgphoto.pl\/t\/index.php?rest_route=\/wp\/v2\/media\/22020"}],"wp:attachment":[{"href":"https:\/\/wgphoto.pl\/t\/index.php?rest_route=%2Fwp%2Fv2%2Fmedia&parent=22019"}],"wp:term":[{"taxonomy":"category","embeddable":true,"href":"https:\/\/wgphoto.pl\/t\/index.php?rest_route=%2Fwp%2Fv2%2Fcategories&post=22019"},{"taxonomy":"post_tag","embeddable":true,"href":"https:\/\/wgphoto.pl\/t\/index.php?rest_route=%2Fwp%2Fv2%2Ftags&post=22019"}],"curies":[{"name":"wp","href":"https:\/\/api.w.org\/{rel}","templated":true}]}}