{"id":22022,"date":"2025-09-19T18:36:34","date_gmt":"2025-09-19T16:36:34","guid":{"rendered":"https:\/\/wgphoto.pl\/t\/?p=22022"},"modified":"2025-09-19T18:36:34","modified_gmt":"2025-09-19T16:36:34","slug":"gory-tokajsko-slanskie","status":"publish","type":"post","link":"https:\/\/wgphoto.pl\/t\/?p=22022","title":{"rendered":"G\u00f3ry Tokajsko-Sla\u0144skie"},"content":{"rendered":"\n<figure class=\"wp-block-image aligncenter size-full\"><img loading=\"lazy\" decoding=\"async\" width=\"1400\" height=\"927\" src=\"https:\/\/wgphoto.pl\/t\/wp-content\/uploads\/2025\/09\/IMGP6608.jpg\" alt=\"\" class=\"wp-image-22023\" srcset=\"https:\/\/wgphoto.pl\/t\/wp-content\/uploads\/2025\/09\/IMGP6608.jpg 1400w, https:\/\/wgphoto.pl\/t\/wp-content\/uploads\/2025\/09\/IMGP6608-300x199.jpg 300w, https:\/\/wgphoto.pl\/t\/wp-content\/uploads\/2025\/09\/IMGP6608-768x509.jpg 768w\" sizes=\"auto, (max-width: 1400px) 100vw, 1400px\" \/><\/figure>\n\n\n\n<div class=\"wp-block-group has-global-padding is-layout-constrained wp-block-group-is-layout-constrained\">\n<p>Poci\u0105g REX 1905 Ko\u0161ice &#8211; Michalovce ostro si\u0119 wspina szlakiem V\u00fdh. Slivn\u00edk &#8211; \u010ce\u013eovce. W tle s\u0142abo wida\u0107 drugi tor, nale\u017c\u0105cy do biegn\u0105cej r\u00f3wnolegle szerokotorowej linii z U\u017cgorodu do podkoszyckiej huty. Perspektyw\u0119 zamyka po\u0142udniowa cz\u0119\u015b\u0107 tytu\u0142owego pasma g\u00f3rskiego, le\u017c\u0105ca za Prze\u0142\u0119cz\u0105 Sla\u0144sk\u0105, przez kt\u00f3r\u0105 wcze\u015bniej przejecha\u0142 poci\u0105g &#8211; tamt\u0119dy te\u017c prowadzi magistrala z Koszyc do Czarnej nad Cis\u0105 (i dalej do ukrai\u0144skiego Czopu), od kt\u00f3rej na posterunku Slivn\u00edk odga\u0142\u0119zia si\u0119 linia ze zdj\u0119cia. 03.05.2024<\/p>\n<\/div>\n","protected":false},"excerpt":{"rendered":"<p>Poci\u0105g REX 1905 Ko\u0161ice &#8211; Michalovce ostro si\u0119 wspina szlakiem V\u00fdh. Slivn\u00edk &#8211; \u010ce\u013eovce. W tle s\u0142abo wida\u0107 drugi tor, nale\u017c\u0105cy do biegn\u0105cej r\u00f3wnolegle szerokotorowej linii z U\u017cgorodu do podkoszyckiej huty. Perspektyw\u0119 zamyka po\u0142udniowa cz\u0119\u015b\u0107 tytu\u0142owego pasma g\u00f3rskiego, le\u017c\u0105ca za Prze\u0142\u0119cz\u0105 Sla\u0144sk\u0105, przez kt\u00f3r\u0105 wcze\u015bniej przejecha\u0142 poci\u0105g &#8211; tamt\u0119dy te\u017c prowadzi magistrala z Koszyc do [&hellip;]<\/p>\n","protected":false},"author":1,"featured_media":22023,"comment_status":"open","ping_status":"","sticky":false,"template":"","format":"standard","meta":{"footnotes":""},"categories":[2,5],"tags":[4514,2071,4533,114,113,759,675,4534,294,469],"class_list":["post-22022","post","type-post","status-publish","format-standard","has-post-thumbnail","hentry","category-kolej","category-2024r","tag-2024-05-03","tag-2071","tag-celovce","tag-gory","tag-landszaft","tag-majowka-2024","tag-slowacja","tag-vyhybna-slivnik","tag-wiosna","tag-zssk"],"_links":{"self":[{"href":"https:\/\/wgphoto.pl\/t\/index.php?rest_route=\/wp\/v2\/posts\/22022","targetHints":{"allow":["GET"]}}],"collection":[{"href":"https:\/\/wgphoto.pl\/t\/index.php?rest_route=\/wp\/v2\/posts"}],"about":[{"href":"https:\/\/wgphoto.pl\/t\/index.php?rest_route=\/wp\/v2\/types\/post"}],"author":[{"embeddable":true,"href":"https:\/\/wgphoto.pl\/t\/index.php?rest_route=\/wp\/v2\/users\/1"}],"replies":[{"embeddable":true,"href":"https:\/\/wgphoto.pl\/t\/index.php?rest_route=%2Fwp%2Fv2%2Fcomments&post=22022"}],"version-history":[{"count":1,"href":"https:\/\/wgphoto.pl\/t\/index.php?rest_route=\/wp\/v2\/posts\/22022\/revisions"}],"predecessor-version":[{"id":22024,"href":"https:\/\/wgphoto.pl\/t\/index.php?rest_route=\/wp\/v2\/posts\/22022\/revisions\/22024"}],"wp:featuredmedia":[{"embeddable":true,"href":"https:\/\/wgphoto.pl\/t\/index.php?rest_route=\/wp\/v2\/media\/22023"}],"wp:attachment":[{"href":"https:\/\/wgphoto.pl\/t\/index.php?rest_route=%2Fwp%2Fv2%2Fmedia&parent=22022"}],"wp:term":[{"taxonomy":"category","embeddable":true,"href":"https:\/\/wgphoto.pl\/t\/index.php?rest_route=%2Fwp%2Fv2%2Fcategories&post=22022"},{"taxonomy":"post_tag","embeddable":true,"href":"https:\/\/wgphoto.pl\/t\/index.php?rest_route=%2Fwp%2Fv2%2Ftags&post=22022"}],"curies":[{"name":"wp","href":"https:\/\/api.w.org\/{rel}","templated":true}]}}