{"id":22031,"date":"2025-09-22T20:46:46","date_gmt":"2025-09-22T18:46:46","guid":{"rendered":"https:\/\/wgphoto.pl\/t\/?p=22031"},"modified":"2025-09-22T20:46:46","modified_gmt":"2025-09-22T18:46:46","slug":"skrzyzowanie-kolejowo-tramwajowe","status":"publish","type":"post","link":"https:\/\/wgphoto.pl\/t\/?p=22031","title":{"rendered":"Skrzy\u017cowanie kolejowo-tramwajowe"},"content":{"rendered":"\n<figure class=\"wp-block-image aligncenter size-full\"><img loading=\"lazy\" decoding=\"async\" width=\"1400\" height=\"920\" src=\"https:\/\/wgphoto.pl\/t\/wp-content\/uploads\/2025\/09\/2002w-01_rsn.jpg\" alt=\"\" class=\"wp-image-22032\" srcset=\"https:\/\/wgphoto.pl\/t\/wp-content\/uploads\/2025\/09\/2002w-01_rsn.jpg 1400w, https:\/\/wgphoto.pl\/t\/wp-content\/uploads\/2025\/09\/2002w-01_rsn-300x197.jpg 300w, https:\/\/wgphoto.pl\/t\/wp-content\/uploads\/2025\/09\/2002w-01_rsn-768x505.jpg 768w\" sizes=\"auto, (max-width: 1400px) 100vw, 1400px\" \/><\/figure>\n\n\n\n<div class=\"wp-block-group has-global-padding is-layout-constrained wp-block-group-is-layout-constrained\">\n<p>Wroc\u0142aw, ul. Krakowska. 105Na 2310+2297 zaraz minie jedno z dw\u00f3ch skrzy\u017cowa\u0144 kolejowo-tramwajowych w mie\u015bcie. By\u0142o ono u\u017cywane jeszcze przez kilka lat po wykonaniu zdj\u0119cia, ale nigdy nie trafi\u0142em tam poci\u0105gu. Na sieci mo\u017cna za\u015b dostrzec starego typu czujnik w formie &#8222;sanek&#8221;, wraz ze stosownym znakiem, do wzbudzanej sygnalizacji na zje\u017adzie tor\u00f3w z jezdni (a w przeciwnym kierunku wje\u017adzie &#8211; gdzie sygnalizacja jest bardziej u\u017cyteczna). 20.09.2002<\/p>\n<\/div>\n","protected":false},"excerpt":{"rendered":"<p>Wroc\u0142aw, ul. Krakowska. 105Na 2310+2297 zaraz minie jedno z dw\u00f3ch skrzy\u017cowa\u0144 kolejowo-tramwajowych w mie\u015bcie. By\u0142o ono u\u017cywane jeszcze przez kilka lat po wykonaniu zdj\u0119cia, ale nigdy nie trafi\u0142em tam poci\u0105gu. Na sieci mo\u017cna za\u015b dostrzec starego typu czujnik w formie &#8222;sanek&#8221;, wraz ze stosownym znakiem, do wzbudzanej sygnalizacji na zje\u017adzie tor\u00f3w z jezdni (a w [&hellip;]<\/p>\n","protected":false},"author":1,"featured_media":22032,"comment_status":"open","ping_status":"","sticky":false,"template":"","format":"standard","meta":{"footnotes":""},"categories":[62,577,3],"tags":[155,4537,230,42,27,41],"class_list":["post-22031","post","type-post","status-publish","format-standard","has-post-thumbnail","hentry","category-analog","category-rok-2002","category-tramwaj","tag-105na","tag-2002-09-20","tag-infrastruktura","tag-mpk-wroclaw","tag-polska","tag-wroclaw"],"_links":{"self":[{"href":"https:\/\/wgphoto.pl\/t\/index.php?rest_route=\/wp\/v2\/posts\/22031","targetHints":{"allow":["GET"]}}],"collection":[{"href":"https:\/\/wgphoto.pl\/t\/index.php?rest_route=\/wp\/v2\/posts"}],"about":[{"href":"https:\/\/wgphoto.pl\/t\/index.php?rest_route=\/wp\/v2\/types\/post"}],"author":[{"embeddable":true,"href":"https:\/\/wgphoto.pl\/t\/index.php?rest_route=\/wp\/v2\/users\/1"}],"replies":[{"embeddable":true,"href":"https:\/\/wgphoto.pl\/t\/index.php?rest_route=%2Fwp%2Fv2%2Fcomments&post=22031"}],"version-history":[{"count":1,"href":"https:\/\/wgphoto.pl\/t\/index.php?rest_route=\/wp\/v2\/posts\/22031\/revisions"}],"predecessor-version":[{"id":22033,"href":"https:\/\/wgphoto.pl\/t\/index.php?rest_route=\/wp\/v2\/posts\/22031\/revisions\/22033"}],"wp:featuredmedia":[{"embeddable":true,"href":"https:\/\/wgphoto.pl\/t\/index.php?rest_route=\/wp\/v2\/media\/22032"}],"wp:attachment":[{"href":"https:\/\/wgphoto.pl\/t\/index.php?rest_route=%2Fwp%2Fv2%2Fmedia&parent=22031"}],"wp:term":[{"taxonomy":"category","embeddable":true,"href":"https:\/\/wgphoto.pl\/t\/index.php?rest_route=%2Fwp%2Fv2%2Fcategories&post=22031"},{"taxonomy":"post_tag","embeddable":true,"href":"https:\/\/wgphoto.pl\/t\/index.php?rest_route=%2Fwp%2Fv2%2Ftags&post=22031"}],"curies":[{"name":"wp","href":"https:\/\/api.w.org\/{rel}","templated":true}]}}