{"id":22034,"date":"2025-09-22T20:47:34","date_gmt":"2025-09-22T18:47:34","guid":{"rendered":"https:\/\/wgphoto.pl\/t\/?p=22034"},"modified":"2025-09-22T20:47:34","modified_gmt":"2025-09-22T18:47:34","slug":"dzien-bez-samochodu-2","status":"publish","type":"post","link":"https:\/\/wgphoto.pl\/t\/?p=22034","title":{"rendered":"Dzie\u0144 bez samochodu"},"content":{"rendered":"\n<figure class=\"wp-block-image aligncenter size-full\"><img loading=\"lazy\" decoding=\"async\" width=\"1400\" height=\"927\" src=\"https:\/\/wgphoto.pl\/t\/wp-content\/uploads\/2025\/09\/IMGP7817.jpg\" alt=\"\" class=\"wp-image-22035\" srcset=\"https:\/\/wgphoto.pl\/t\/wp-content\/uploads\/2025\/09\/IMGP7817.jpg 1400w, https:\/\/wgphoto.pl\/t\/wp-content\/uploads\/2025\/09\/IMGP7817-300x199.jpg 300w, https:\/\/wgphoto.pl\/t\/wp-content\/uploads\/2025\/09\/IMGP7817-768x509.jpg 768w\" sizes=\"auto, (max-width: 1400px) 100vw, 1400px\" \/><\/figure>\n\n\n\n<div class=\"wp-block-group has-global-padding is-layout-constrained wp-block-group-is-layout-constrained\">\n<p>105NWr 2239+2215 na pustym mo\u015bcie Grunwaldzkim we Wroc\u0142awiu. To by\u0142o weekendowe popo\u0142udnie, a co wp\u0142yn\u0119\u0142o na minimalny ruch na ulicach to chyba wszyscy pami\u0119taj\u0105. 21.03.2020<\/p>\n<\/div>\n","protected":false},"excerpt":{"rendered":"<p>105NWr 2239+2215 na pustym mo\u015bcie Grunwaldzkim we Wroc\u0142awiu. To by\u0142o weekendowe popo\u0142udnie, a co wp\u0142yn\u0119\u0142o na minimalny ruch na ulicach to chyba wszyscy pami\u0119taj\u0105. 21.03.2020<\/p>\n","protected":false},"author":1,"featured_media":22035,"comment_status":"open","ping_status":"","sticky":false,"template":"","format":"standard","meta":{"footnotes":""},"categories":[676,3],"tags":[43,4538,45,42,27,41],"class_list":["post-22034","post","type-post","status-publish","format-standard","has-post-thumbnail","hentry","category-rok-2020","category-tramwaj","tag-105nwr","tag-2020-03-21","tag-most","tag-mpk-wroclaw","tag-polska","tag-wroclaw"],"_links":{"self":[{"href":"https:\/\/wgphoto.pl\/t\/index.php?rest_route=\/wp\/v2\/posts\/22034","targetHints":{"allow":["GET"]}}],"collection":[{"href":"https:\/\/wgphoto.pl\/t\/index.php?rest_route=\/wp\/v2\/posts"}],"about":[{"href":"https:\/\/wgphoto.pl\/t\/index.php?rest_route=\/wp\/v2\/types\/post"}],"author":[{"embeddable":true,"href":"https:\/\/wgphoto.pl\/t\/index.php?rest_route=\/wp\/v2\/users\/1"}],"replies":[{"embeddable":true,"href":"https:\/\/wgphoto.pl\/t\/index.php?rest_route=%2Fwp%2Fv2%2Fcomments&post=22034"}],"version-history":[{"count":1,"href":"https:\/\/wgphoto.pl\/t\/index.php?rest_route=\/wp\/v2\/posts\/22034\/revisions"}],"predecessor-version":[{"id":22036,"href":"https:\/\/wgphoto.pl\/t\/index.php?rest_route=\/wp\/v2\/posts\/22034\/revisions\/22036"}],"wp:featuredmedia":[{"embeddable":true,"href":"https:\/\/wgphoto.pl\/t\/index.php?rest_route=\/wp\/v2\/media\/22035"}],"wp:attachment":[{"href":"https:\/\/wgphoto.pl\/t\/index.php?rest_route=%2Fwp%2Fv2%2Fmedia&parent=22034"}],"wp:term":[{"taxonomy":"category","embeddable":true,"href":"https:\/\/wgphoto.pl\/t\/index.php?rest_route=%2Fwp%2Fv2%2Fcategories&post=22034"},{"taxonomy":"post_tag","embeddable":true,"href":"https:\/\/wgphoto.pl\/t\/index.php?rest_route=%2Fwp%2Fv2%2Ftags&post=22034"}],"curies":[{"name":"wp","href":"https:\/\/api.w.org\/{rel}","templated":true}]}}