{"id":22037,"date":"2025-09-22T20:48:33","date_gmt":"2025-09-22T18:48:33","guid":{"rendered":"https:\/\/wgphoto.pl\/t\/?p=22037"},"modified":"2025-12-21T20:17:57","modified_gmt":"2025-12-21T19:17:57","slug":"nawet-chlopi-mowia","status":"publish","type":"post","link":"https:\/\/wgphoto.pl\/t\/?p=22037","title":{"rendered":"Nawet ch\u0142opi m\u00f3wi\u0105"},"content":{"rendered":"\n<figure class=\"wp-block-image aligncenter size-full\"><img loading=\"lazy\" decoding=\"async\" width=\"800\" height=\"1035\" src=\"https:\/\/wgphoto.pl\/t\/wp-content\/uploads\/2025\/09\/DSFN1406.jpg\" alt=\"\" class=\"wp-image-22038\" srcset=\"https:\/\/wgphoto.pl\/t\/wp-content\/uploads\/2025\/09\/DSFN1406.jpg 800w, https:\/\/wgphoto.pl\/t\/wp-content\/uploads\/2025\/09\/DSFN1406-232x300.jpg 232w, https:\/\/wgphoto.pl\/t\/wp-content\/uploads\/2025\/09\/DSFN1406-768x994.jpg 768w\" sizes=\"auto, (max-width: 800px) 100vw, 800px\" \/><\/figure>\n\n\n\n<div class=\"wp-block-group has-global-padding is-layout-constrained wp-block-group-is-layout-constrained\">\n<p>Wroc\u0142aw, pl. Jana Paw\u0142a II, MF17AC 2715. Reklama w tle zachwala drugi sezon serialu &#8222;1670&#8221; Netflixa i robi to w swoim stylu, spersonalizowanym dla ka\u017cdego miasta &#8211; Wroc\u0142aw w ten spos\u00f3b m\u00f3g\u0142 sprawdzi\u0107, jak\u0105 renom\u0119 ma w kraju. Traf chcia\u0142, \u017ce akurat patron tego placu oraz jeden z bohater\u00f3w serialu nosz\u0105 te same imiona. 21.09.2025<\/p>\n<\/div>\n","protected":false},"excerpt":{"rendered":"<p>Wroc\u0142aw, pl. Jana Paw\u0142a II, MF17AC 2715. Reklama w tle zachwala drugi sezon serialu &#8222;1670&#8221; Netflixa i robi to w swoim stylu, spersonalizowanym dla ka\u017cdego miasta &#8211; Wroc\u0142aw w ten spos\u00f3b m\u00f3g\u0142 sprawdzi\u0107, jak\u0105 renom\u0119 ma w kraju. Traf chcia\u0142, \u017ce akurat patron tego placu oraz jeden z bohater\u00f3w serialu nosz\u0105 te same imiona. 21.09.2025<\/p>\n","protected":false},"author":1,"featured_media":22038,"comment_status":"open","ping_status":"","sticky":false,"template":"","format":"standard","meta":{"footnotes":""},"categories":[128,3208,3],"tags":[4539,91,4601,501,42,1827,27,41],"class_list":["post-22037","post","type-post","status-publish","format-standard","has-post-thumbnail","hentry","category-pionowe","category-rok-2025","category-tramwaj","tag-2025-09-21","tag-blue-hour","tag-mf17ac","tag-moderus-beta","tag-mpk-wroclaw","tag-mural","tag-polska","tag-wroclaw"],"_links":{"self":[{"href":"https:\/\/wgphoto.pl\/t\/index.php?rest_route=\/wp\/v2\/posts\/22037","targetHints":{"allow":["GET"]}}],"collection":[{"href":"https:\/\/wgphoto.pl\/t\/index.php?rest_route=\/wp\/v2\/posts"}],"about":[{"href":"https:\/\/wgphoto.pl\/t\/index.php?rest_route=\/wp\/v2\/types\/post"}],"author":[{"embeddable":true,"href":"https:\/\/wgphoto.pl\/t\/index.php?rest_route=\/wp\/v2\/users\/1"}],"replies":[{"embeddable":true,"href":"https:\/\/wgphoto.pl\/t\/index.php?rest_route=%2Fwp%2Fv2%2Fcomments&post=22037"}],"version-history":[{"count":2,"href":"https:\/\/wgphoto.pl\/t\/index.php?rest_route=\/wp\/v2\/posts\/22037\/revisions"}],"predecessor-version":[{"id":22049,"href":"https:\/\/wgphoto.pl\/t\/index.php?rest_route=\/wp\/v2\/posts\/22037\/revisions\/22049"}],"wp:featuredmedia":[{"embeddable":true,"href":"https:\/\/wgphoto.pl\/t\/index.php?rest_route=\/wp\/v2\/media\/22038"}],"wp:attachment":[{"href":"https:\/\/wgphoto.pl\/t\/index.php?rest_route=%2Fwp%2Fv2%2Fmedia&parent=22037"}],"wp:term":[{"taxonomy":"category","embeddable":true,"href":"https:\/\/wgphoto.pl\/t\/index.php?rest_route=%2Fwp%2Fv2%2Fcategories&post=22037"},{"taxonomy":"post_tag","embeddable":true,"href":"https:\/\/wgphoto.pl\/t\/index.php?rest_route=%2Fwp%2Fv2%2Ftags&post=22037"}],"curies":[{"name":"wp","href":"https:\/\/api.w.org\/{rel}","templated":true}]}}