{"id":22043,"date":"2025-09-22T20:51:08","date_gmt":"2025-09-22T18:51:08","guid":{"rendered":"https:\/\/wgphoto.pl\/t\/?p=22043"},"modified":"2025-09-22T20:51:08","modified_gmt":"2025-09-22T18:51:08","slug":"zmierzch-nad-laba","status":"publish","type":"post","link":"https:\/\/wgphoto.pl\/t\/?p=22043","title":{"rendered":"Zmierzch nad \u0141ab\u0105"},"content":{"rendered":"\n<figure class=\"wp-block-image aligncenter size-full\"><img loading=\"lazy\" decoding=\"async\" width=\"1400\" height=\"927\" src=\"https:\/\/wgphoto.pl\/t\/wp-content\/uploads\/2025\/09\/IMGP8750.jpg\" alt=\"\" class=\"wp-image-22044\" srcset=\"https:\/\/wgphoto.pl\/t\/wp-content\/uploads\/2025\/09\/IMGP8750.jpg 1400w, https:\/\/wgphoto.pl\/t\/wp-content\/uploads\/2025\/09\/IMGP8750-300x199.jpg 300w, https:\/\/wgphoto.pl\/t\/wp-content\/uploads\/2025\/09\/IMGP8750-768x509.jpg 768w\" sizes=\"auto, (max-width: 1400px) 100vw, 1400px\" \/><\/figure>\n\n\n\n<div class=\"wp-block-group has-global-padding is-layout-constrained wp-block-group-is-layout-constrained\">\n<p>Hamburg w pigu\u0142ce: metro na estakadzie, charakterystyczny gmach filharmonii oraz port. Poci\u0105g linii U3 (z ty\u0142u jednostka nr 421) odjecha\u0142 o zmierzchu ze stacji Landungsbr\u00fccken. 20.08.2022<\/p>\n<\/div>\n","protected":false},"excerpt":{"rendered":"<p>Hamburg w pigu\u0142ce: metro na estakadzie, charakterystyczny gmach filharmonii oraz port. Poci\u0105g linii U3 (z ty\u0142u jednostka nr 421) odjecha\u0142 o zmierzchu ze stacji Landungsbr\u00fccken. 20.08.2022<\/p>\n","protected":false},"author":1,"featured_media":22044,"comment_status":"open","ping_status":"","sticky":false,"template":"","format":"standard","meta":{"footnotes":""},"categories":[4,669],"tags":[3888,1282,3889,3890,303,162,23,73,90],"class_list":["post-22043","post","type-post","status-publish","format-standard","has-post-thumbnail","hentry","category-metro","category-rok-2022","tag-2022-08-20","tag-9-euro-ticket-2022","tag-hamburg","tag-hamburger-hochbahn","tag-industrial","tag-niebo","tag-niemcy","tag-rzeka","tag-wieczorem"],"_links":{"self":[{"href":"https:\/\/wgphoto.pl\/t\/index.php?rest_route=\/wp\/v2\/posts\/22043","targetHints":{"allow":["GET"]}}],"collection":[{"href":"https:\/\/wgphoto.pl\/t\/index.php?rest_route=\/wp\/v2\/posts"}],"about":[{"href":"https:\/\/wgphoto.pl\/t\/index.php?rest_route=\/wp\/v2\/types\/post"}],"author":[{"embeddable":true,"href":"https:\/\/wgphoto.pl\/t\/index.php?rest_route=\/wp\/v2\/users\/1"}],"replies":[{"embeddable":true,"href":"https:\/\/wgphoto.pl\/t\/index.php?rest_route=%2Fwp%2Fv2%2Fcomments&post=22043"}],"version-history":[{"count":1,"href":"https:\/\/wgphoto.pl\/t\/index.php?rest_route=\/wp\/v2\/posts\/22043\/revisions"}],"predecessor-version":[{"id":22045,"href":"https:\/\/wgphoto.pl\/t\/index.php?rest_route=\/wp\/v2\/posts\/22043\/revisions\/22045"}],"wp:featuredmedia":[{"embeddable":true,"href":"https:\/\/wgphoto.pl\/t\/index.php?rest_route=\/wp\/v2\/media\/22044"}],"wp:attachment":[{"href":"https:\/\/wgphoto.pl\/t\/index.php?rest_route=%2Fwp%2Fv2%2Fmedia&parent=22043"}],"wp:term":[{"taxonomy":"category","embeddable":true,"href":"https:\/\/wgphoto.pl\/t\/index.php?rest_route=%2Fwp%2Fv2%2Fcategories&post=22043"},{"taxonomy":"post_tag","embeddable":true,"href":"https:\/\/wgphoto.pl\/t\/index.php?rest_route=%2Fwp%2Fv2%2Ftags&post=22043"}],"curies":[{"name":"wp","href":"https:\/\/api.w.org\/{rel}","templated":true}]}}