{"id":22046,"date":"2025-09-22T20:52:09","date_gmt":"2025-09-22T18:52:09","guid":{"rendered":"https:\/\/wgphoto.pl\/t\/?p=22046"},"modified":"2025-09-29T17:39:19","modified_gmt":"2025-09-29T15:39:19","slug":"x51-9013","status":"publish","type":"post","link":"https:\/\/wgphoto.pl\/t\/?p=22046","title":{"rendered":"X51 9013"},"content":{"rendered":"\n<figure class=\"wp-block-image aligncenter size-full\"><img loading=\"lazy\" decoding=\"async\" width=\"1400\" height=\"927\" src=\"https:\/\/wgphoto.pl\/t\/wp-content\/uploads\/2025\/09\/IMGP4643.jpg\" alt=\"\" class=\"wp-image-22047\" srcset=\"https:\/\/wgphoto.pl\/t\/wp-content\/uploads\/2025\/09\/IMGP4643.jpg 1400w, https:\/\/wgphoto.pl\/t\/wp-content\/uploads\/2025\/09\/IMGP4643-300x199.jpg 300w, https:\/\/wgphoto.pl\/t\/wp-content\/uploads\/2025\/09\/IMGP4643-768x509.jpg 768w\" sizes=\"auto, (max-width: 1400px) 100vw, 1400px\" \/><\/figure>\n\n\n\n<div class=\"wp-block-group has-global-padding is-layout-constrained wp-block-group-is-layout-constrained\">\n<p>Jednostka X51 9013 zbli\u017ca si\u0119 do stacji Fors jako poci\u0105g 8114 relacji \u00d6rebr\u00f6 S\u00f6dra \u2013 G\u00e4vle Central. 25.09.2021<\/p>\n<\/div>\n","protected":false},"excerpt":{"rendered":"<p>Jednostka X51 9013 zbli\u017ca si\u0119 do stacji Fors jako poci\u0105g 8114 relacji \u00d6rebr\u00f6 S\u00f6dra \u2013 G\u00e4vle Central. 25.09.2021<\/p>\n","protected":false},"author":1,"featured_media":22047,"comment_status":"open","ping_status":"","sticky":false,"template":"","format":"standard","meta":{"footnotes":""},"categories":[2,681],"tags":[2569,4540,303,1372,685,687,3954],"class_list":["post-22046","post","type-post","status-publish","format-standard","has-post-thumbnail","hentry","category-kolej","category-rok-2021","tag-2021-09-25","tag-fors","tag-industrial","tag-sj","tag-szwecja","tag-szwecja-2021","tag-x51"],"_links":{"self":[{"href":"https:\/\/wgphoto.pl\/t\/index.php?rest_route=\/wp\/v2\/posts\/22046","targetHints":{"allow":["GET"]}}],"collection":[{"href":"https:\/\/wgphoto.pl\/t\/index.php?rest_route=\/wp\/v2\/posts"}],"about":[{"href":"https:\/\/wgphoto.pl\/t\/index.php?rest_route=\/wp\/v2\/types\/post"}],"author":[{"embeddable":true,"href":"https:\/\/wgphoto.pl\/t\/index.php?rest_route=\/wp\/v2\/users\/1"}],"replies":[{"embeddable":true,"href":"https:\/\/wgphoto.pl\/t\/index.php?rest_route=%2Fwp%2Fv2%2Fcomments&post=22046"}],"version-history":[{"count":2,"href":"https:\/\/wgphoto.pl\/t\/index.php?rest_route=\/wp\/v2\/posts\/22046\/revisions"}],"predecessor-version":[{"id":22053,"href":"https:\/\/wgphoto.pl\/t\/index.php?rest_route=\/wp\/v2\/posts\/22046\/revisions\/22053"}],"wp:featuredmedia":[{"embeddable":true,"href":"https:\/\/wgphoto.pl\/t\/index.php?rest_route=\/wp\/v2\/media\/22047"}],"wp:attachment":[{"href":"https:\/\/wgphoto.pl\/t\/index.php?rest_route=%2Fwp%2Fv2%2Fmedia&parent=22046"}],"wp:term":[{"taxonomy":"category","embeddable":true,"href":"https:\/\/wgphoto.pl\/t\/index.php?rest_route=%2Fwp%2Fv2%2Fcategories&post=22046"},{"taxonomy":"post_tag","embeddable":true,"href":"https:\/\/wgphoto.pl\/t\/index.php?rest_route=%2Fwp%2Fv2%2Ftags&post=22046"}],"curies":[{"name":"wp","href":"https:\/\/api.w.org\/{rel}","templated":true}]}}