{"id":22057,"date":"2025-09-29T17:41:13","date_gmt":"2025-09-29T15:41:13","guid":{"rendered":"https:\/\/wgphoto.pl\/t\/?p=22057"},"modified":"2025-09-29T17:41:13","modified_gmt":"2025-09-29T15:41:13","slug":"pilchowicka-jesien","status":"publish","type":"post","link":"https:\/\/wgphoto.pl\/t\/?p=22057","title":{"rendered":"Pilchowicka jesie\u0144"},"content":{"rendered":"\n<figure class=\"wp-block-image aligncenter size-full\"><img loading=\"lazy\" decoding=\"async\" width=\"1400\" height=\"914\" src=\"https:\/\/wgphoto.pl\/t\/wp-content\/uploads\/2025\/09\/0530-19_rsn.jpg\" alt=\"\" class=\"wp-image-22058\" srcset=\"https:\/\/wgphoto.pl\/t\/wp-content\/uploads\/2025\/09\/0530-19_rsn.jpg 1400w, https:\/\/wgphoto.pl\/t\/wp-content\/uploads\/2025\/09\/0530-19_rsn-300x196.jpg 300w, https:\/\/wgphoto.pl\/t\/wp-content\/uploads\/2025\/09\/0530-19_rsn-768x501.jpg 768w\" sizes=\"auto, (max-width: 1400px) 100vw, 1400px\" \/><\/figure>\n\n\n\n<div class=\"wp-block-group has-global-padding is-layout-constrained wp-block-group-is-layout-constrained\">\n<p>SU46-024 jad\u0105c luzem z Jeleniej G\u00f3ry do Niwnic po kolejny sk\u0142ad z kamieniem zbli\u017ca si\u0119 do przystanku Pilchowice Zapora. 18.10.2005<\/p>\n<\/div>\n","protected":false},"excerpt":{"rendered":"<p>SU46-024 jad\u0105c luzem z Jeleniej G\u00f3ry do Niwnic po kolejny sk\u0142ad z kamieniem zbli\u017ca si\u0119 do przystanku Pilchowice Zapora. 18.10.2005<\/p>\n","protected":false},"author":1,"featured_media":22058,"comment_status":"open","ping_status":"","sticky":false,"template":"","format":"standard","meta":{"footnotes":""},"categories":[62,2,311],"tags":[364,126,361,63,27,84,363],"class_list":["post-22057","post","type-post","status-publish","format-standard","has-post-thumbnail","hentry","category-analog","category-kolej","category-rok-2005","tag-2005-10-18","tag-jesien","tag-pilchowice-zapora","tag-pkp","tag-polska","tag-su46","tag-tab-pl250"],"_links":{"self":[{"href":"https:\/\/wgphoto.pl\/t\/index.php?rest_route=\/wp\/v2\/posts\/22057","targetHints":{"allow":["GET"]}}],"collection":[{"href":"https:\/\/wgphoto.pl\/t\/index.php?rest_route=\/wp\/v2\/posts"}],"about":[{"href":"https:\/\/wgphoto.pl\/t\/index.php?rest_route=\/wp\/v2\/types\/post"}],"author":[{"embeddable":true,"href":"https:\/\/wgphoto.pl\/t\/index.php?rest_route=\/wp\/v2\/users\/1"}],"replies":[{"embeddable":true,"href":"https:\/\/wgphoto.pl\/t\/index.php?rest_route=%2Fwp%2Fv2%2Fcomments&post=22057"}],"version-history":[{"count":1,"href":"https:\/\/wgphoto.pl\/t\/index.php?rest_route=\/wp\/v2\/posts\/22057\/revisions"}],"predecessor-version":[{"id":22059,"href":"https:\/\/wgphoto.pl\/t\/index.php?rest_route=\/wp\/v2\/posts\/22057\/revisions\/22059"}],"wp:featuredmedia":[{"embeddable":true,"href":"https:\/\/wgphoto.pl\/t\/index.php?rest_route=\/wp\/v2\/media\/22058"}],"wp:attachment":[{"href":"https:\/\/wgphoto.pl\/t\/index.php?rest_route=%2Fwp%2Fv2%2Fmedia&parent=22057"}],"wp:term":[{"taxonomy":"category","embeddable":true,"href":"https:\/\/wgphoto.pl\/t\/index.php?rest_route=%2Fwp%2Fv2%2Fcategories&post=22057"},{"taxonomy":"post_tag","embeddable":true,"href":"https:\/\/wgphoto.pl\/t\/index.php?rest_route=%2Fwp%2Fv2%2Ftags&post=22057"}],"curies":[{"name":"wp","href":"https:\/\/api.w.org\/{rel}","templated":true}]}}