{"id":22063,"date":"2025-09-29T17:43:26","date_gmt":"2025-09-29T15:43:26","guid":{"rendered":"https:\/\/wgphoto.pl\/t\/?p=22063"},"modified":"2025-09-29T17:43:26","modified_gmt":"2025-09-29T15:43:26","slug":"bulgarskie-centrum","status":"publish","type":"post","link":"https:\/\/wgphoto.pl\/t\/?p=22063","title":{"rendered":"Bu\u0142garskie centrum"},"content":{"rendered":"\n<figure class=\"wp-block-image aligncenter size-full\"><img loading=\"lazy\" decoding=\"async\" width=\"800\" height=\"1000\" src=\"https:\/\/wgphoto.pl\/t\/wp-content\/uploads\/2025\/09\/IMGP5314.jpg\" alt=\"\" class=\"wp-image-22064\" srcset=\"https:\/\/wgphoto.pl\/t\/wp-content\/uploads\/2025\/09\/IMGP5314.jpg 800w, https:\/\/wgphoto.pl\/t\/wp-content\/uploads\/2025\/09\/IMGP5314-240x300.jpg 240w, https:\/\/wgphoto.pl\/t\/wp-content\/uploads\/2025\/09\/IMGP5314-768x960.jpg 768w\" sizes=\"auto, (max-width: 800px) 100vw, 800px\" \/><\/figure>\n\n\n\n<div class=\"wp-block-group has-global-padding is-layout-constrained wp-block-group-is-layout-constrained\">\n<p>Sofia, ul. Graf Ignatiew. Na zaniedbanym deptaku (obecnie ju\u017c po remoncie) mijaj\u0105 si\u0119 Tatry T6A2B 3024 i T6A2SF 2051, w tle 2044. 09.11.2017<\/p>\n<\/div>\n","protected":false},"excerpt":{"rendered":"<p>Sofia, ul. Graf Ignatiew. Na zaniedbanym deptaku (obecnie ju\u017c po remoncie) mijaj\u0105 si\u0119 Tatry T6A2B 3024 i T6A2SF 2051, w tle 2044. 09.11.2017<\/p>\n","protected":false},"author":1,"featured_media":22064,"comment_status":"open","ping_status":"","sticky":false,"template":"","format":"standard","meta":{"footnotes":""},"categories":[128,368,3],"tags":[837,838,239,389,842,841,839,840],"class_list":["post-22063","post","type-post","status-publish","format-standard","has-post-thumbnail","hentry","category-pionowe","category-rok-2017","category-tramwaj","tag-2017-11-09","tag-bulgaria","tag-deptak","tag-mijanka","tag-sofia","tag-tatra-t6","tag-wakacje-2017","tag-840"],"_links":{"self":[{"href":"https:\/\/wgphoto.pl\/t\/index.php?rest_route=\/wp\/v2\/posts\/22063","targetHints":{"allow":["GET"]}}],"collection":[{"href":"https:\/\/wgphoto.pl\/t\/index.php?rest_route=\/wp\/v2\/posts"}],"about":[{"href":"https:\/\/wgphoto.pl\/t\/index.php?rest_route=\/wp\/v2\/types\/post"}],"author":[{"embeddable":true,"href":"https:\/\/wgphoto.pl\/t\/index.php?rest_route=\/wp\/v2\/users\/1"}],"replies":[{"embeddable":true,"href":"https:\/\/wgphoto.pl\/t\/index.php?rest_route=%2Fwp%2Fv2%2Fcomments&post=22063"}],"version-history":[{"count":1,"href":"https:\/\/wgphoto.pl\/t\/index.php?rest_route=\/wp\/v2\/posts\/22063\/revisions"}],"predecessor-version":[{"id":22065,"href":"https:\/\/wgphoto.pl\/t\/index.php?rest_route=\/wp\/v2\/posts\/22063\/revisions\/22065"}],"wp:featuredmedia":[{"embeddable":true,"href":"https:\/\/wgphoto.pl\/t\/index.php?rest_route=\/wp\/v2\/media\/22064"}],"wp:attachment":[{"href":"https:\/\/wgphoto.pl\/t\/index.php?rest_route=%2Fwp%2Fv2%2Fmedia&parent=22063"}],"wp:term":[{"taxonomy":"category","embeddable":true,"href":"https:\/\/wgphoto.pl\/t\/index.php?rest_route=%2Fwp%2Fv2%2Fcategories&post=22063"},{"taxonomy":"post_tag","embeddable":true,"href":"https:\/\/wgphoto.pl\/t\/index.php?rest_route=%2Fwp%2Fv2%2Ftags&post=22063"}],"curies":[{"name":"wp","href":"https:\/\/api.w.org\/{rel}","templated":true}]}}