{"id":22110,"date":"2025-10-05T14:59:22","date_gmt":"2025-10-05T12:59:22","guid":{"rendered":"https:\/\/wgphoto.pl\/t\/?p=22110"},"modified":"2025-10-05T14:59:22","modified_gmt":"2025-10-05T12:59:22","slug":"ep07-500","status":"publish","type":"post","link":"https:\/\/wgphoto.pl\/t\/?p=22110","title":{"rendered":"EP07-500"},"content":{"rendered":"\n<figure class=\"wp-block-image aligncenter size-full\"><img loading=\"lazy\" decoding=\"async\" width=\"1400\" height=\"918\" src=\"https:\/\/wgphoto.pl\/t\/wp-content\/uploads\/2025\/10\/2001t-03_rsn.jpg\" alt=\"\" class=\"wp-image-22111\" srcset=\"https:\/\/wgphoto.pl\/t\/wp-content\/uploads\/2025\/10\/2001t-03_rsn.jpg 1400w, https:\/\/wgphoto.pl\/t\/wp-content\/uploads\/2025\/10\/2001t-03_rsn-300x197.jpg 300w, https:\/\/wgphoto.pl\/t\/wp-content\/uploads\/2025\/10\/2001t-03_rsn-768x504.jpg 768w\" sizes=\"auto, (max-width: 1400px) 100vw, 1400px\" \/><\/figure>\n\n\n\n<div class=\"wp-block-group has-global-padding is-layout-constrained wp-block-group-is-layout-constrained\">\n<p>EP07-500 z CM \u0141\u00f3d\u017a przy peronie drugim Krakowa P\u0142aszowa. To by\u0142, zdaje si\u0119, poci\u0105g pocztowo-baga\u017cowy, st\u0105d nadmiar br\u0105zowych wagon\u00f3w. Dzi\u015b taka mas\u00f3wka z wycieczki szkolnej. \ud83d\ude42 05.10.2001<\/p>\n<\/div>\n","protected":false},"excerpt":{"rendered":"<p>EP07-500 z CM \u0141\u00f3d\u017a przy peronie drugim Krakowa P\u0142aszowa. To by\u0142, zdaje si\u0119, poci\u0105g pocztowo-baga\u017cowy, st\u0105d nadmiar br\u0105zowych wagon\u00f3w. Dzi\u015b taka mas\u00f3wka z wycieczki szkolnej. \ud83d\ude42 05.10.2001<\/p>\n","protected":false},"author":1,"featured_media":22111,"comment_status":"open","ping_status":"","sticky":false,"template":"","format":"standard","meta":{"footnotes":""},"categories":[62,2,940],"tags":[4550,124,664,3646,63,27],"class_list":["post-22110","post","type-post","status-publish","format-standard","has-post-thumbnail","hentry","category-analog","category-kolej","category-rok-2001","tag-2001-05-10","tag-ep07","tag-krakow","tag-krakow-plaszow","tag-pkp","tag-polska"],"_links":{"self":[{"href":"https:\/\/wgphoto.pl\/t\/index.php?rest_route=\/wp\/v2\/posts\/22110","targetHints":{"allow":["GET"]}}],"collection":[{"href":"https:\/\/wgphoto.pl\/t\/index.php?rest_route=\/wp\/v2\/posts"}],"about":[{"href":"https:\/\/wgphoto.pl\/t\/index.php?rest_route=\/wp\/v2\/types\/post"}],"author":[{"embeddable":true,"href":"https:\/\/wgphoto.pl\/t\/index.php?rest_route=\/wp\/v2\/users\/1"}],"replies":[{"embeddable":true,"href":"https:\/\/wgphoto.pl\/t\/index.php?rest_route=%2Fwp%2Fv2%2Fcomments&post=22110"}],"version-history":[{"count":1,"href":"https:\/\/wgphoto.pl\/t\/index.php?rest_route=\/wp\/v2\/posts\/22110\/revisions"}],"predecessor-version":[{"id":22112,"href":"https:\/\/wgphoto.pl\/t\/index.php?rest_route=\/wp\/v2\/posts\/22110\/revisions\/22112"}],"wp:featuredmedia":[{"embeddable":true,"href":"https:\/\/wgphoto.pl\/t\/index.php?rest_route=\/wp\/v2\/media\/22111"}],"wp:attachment":[{"href":"https:\/\/wgphoto.pl\/t\/index.php?rest_route=%2Fwp%2Fv2%2Fmedia&parent=22110"}],"wp:term":[{"taxonomy":"category","embeddable":true,"href":"https:\/\/wgphoto.pl\/t\/index.php?rest_route=%2Fwp%2Fv2%2Fcategories&post=22110"},{"taxonomy":"post_tag","embeddable":true,"href":"https:\/\/wgphoto.pl\/t\/index.php?rest_route=%2Fwp%2Fv2%2Ftags&post=22110"}],"curies":[{"name":"wp","href":"https:\/\/api.w.org\/{rel}","templated":true}]}}