{"id":22113,"date":"2025-10-05T15:00:06","date_gmt":"2025-10-05T13:00:06","guid":{"rendered":"https:\/\/wgphoto.pl\/t\/?p=22113"},"modified":"2025-10-05T15:00:06","modified_gmt":"2025-10-05T13:00:06","slug":"w-zielonej-ramce","status":"publish","type":"post","link":"https:\/\/wgphoto.pl\/t\/?p=22113","title":{"rendered":"W zielonej ramce"},"content":{"rendered":"\n<figure class=\"wp-block-image aligncenter size-full\"><img loading=\"lazy\" decoding=\"async\" width=\"1400\" height=\"888\" src=\"https:\/\/wgphoto.pl\/t\/wp-content\/uploads\/2025\/10\/2001t-19_rsn.jpg\" alt=\"\" class=\"wp-image-22114\" srcset=\"https:\/\/wgphoto.pl\/t\/wp-content\/uploads\/2025\/10\/2001t-19_rsn.jpg 1400w, https:\/\/wgphoto.pl\/t\/wp-content\/uploads\/2025\/10\/2001t-19_rsn-300x190.jpg 300w, https:\/\/wgphoto.pl\/t\/wp-content\/uploads\/2025\/10\/2001t-19_rsn-768x487.jpg 768w\" sizes=\"auto, (max-width: 1400px) 100vw, 1400px\" \/><\/figure>\n\n\n\n<div class=\"wp-block-group has-global-padding is-layout-constrained wp-block-group-is-layout-constrained\">\n<p>Wroc\u0142aw, p\u0119tla Krzyki. 102Na 2031 stoi na torze przez wiele lat przypisanym dla linii 6 i 7. Nie wiem, czy li\u015bciasta ramka by\u0142a celowa, czy wysz\u0142a przypadkiem, ale rezultat uwa\u017cam za niez\u0142y nawet wed\u0142ug wsp\u00f3\u0142czesnych standard\u00f3w kadrowania. 07.10.2001<\/p>\n<\/div>\n","protected":false},"excerpt":{"rendered":"<p>Wroc\u0142aw, p\u0119tla Krzyki. 102Na 2031 stoi na torze przez wiele lat przypisanym dla linii 6 i 7. Nie wiem, czy li\u015bciasta ramka by\u0142a celowa, czy wysz\u0142a przypadkiem, ale rezultat uwa\u017cam za niez\u0142y nawet wed\u0142ug wsp\u00f3\u0142czesnych standard\u00f3w kadrowania. 07.10.2001<\/p>\n","protected":false},"author":1,"featured_media":22114,"comment_status":"open","ping_status":"","sticky":false,"template":"","format":"standard","meta":{"footnotes":""},"categories":[62,940,3],"tags":[4551,309,42,27,905,41],"class_list":["post-22113","post","type-post","status-publish","format-standard","has-post-thumbnail","hentry","category-analog","category-rok-2001","category-tramwaj","tag-2001-10-07","tag-konstal-102na","tag-mpk-wroclaw","tag-polska","tag-przez","tag-wroclaw"],"_links":{"self":[{"href":"https:\/\/wgphoto.pl\/t\/index.php?rest_route=\/wp\/v2\/posts\/22113","targetHints":{"allow":["GET"]}}],"collection":[{"href":"https:\/\/wgphoto.pl\/t\/index.php?rest_route=\/wp\/v2\/posts"}],"about":[{"href":"https:\/\/wgphoto.pl\/t\/index.php?rest_route=\/wp\/v2\/types\/post"}],"author":[{"embeddable":true,"href":"https:\/\/wgphoto.pl\/t\/index.php?rest_route=\/wp\/v2\/users\/1"}],"replies":[{"embeddable":true,"href":"https:\/\/wgphoto.pl\/t\/index.php?rest_route=%2Fwp%2Fv2%2Fcomments&post=22113"}],"version-history":[{"count":1,"href":"https:\/\/wgphoto.pl\/t\/index.php?rest_route=\/wp\/v2\/posts\/22113\/revisions"}],"predecessor-version":[{"id":22115,"href":"https:\/\/wgphoto.pl\/t\/index.php?rest_route=\/wp\/v2\/posts\/22113\/revisions\/22115"}],"wp:featuredmedia":[{"embeddable":true,"href":"https:\/\/wgphoto.pl\/t\/index.php?rest_route=\/wp\/v2\/media\/22114"}],"wp:attachment":[{"href":"https:\/\/wgphoto.pl\/t\/index.php?rest_route=%2Fwp%2Fv2%2Fmedia&parent=22113"}],"wp:term":[{"taxonomy":"category","embeddable":true,"href":"https:\/\/wgphoto.pl\/t\/index.php?rest_route=%2Fwp%2Fv2%2Fcategories&post=22113"},{"taxonomy":"post_tag","embeddable":true,"href":"https:\/\/wgphoto.pl\/t\/index.php?rest_route=%2Fwp%2Fv2%2Ftags&post=22113"}],"curies":[{"name":"wp","href":"https:\/\/api.w.org\/{rel}","templated":true}]}}