{"id":22116,"date":"2025-10-06T18:11:55","date_gmt":"2025-10-06T16:11:55","guid":{"rendered":"https:\/\/wgphoto.pl\/t\/?p=22116"},"modified":"2025-10-06T18:11:55","modified_gmt":"2025-10-06T16:11:55","slug":"borek-na-22","status":"publish","type":"post","link":"https:\/\/wgphoto.pl\/t\/?p=22116","title":{"rendered":"Borek na 22"},"content":{"rendered":"\n<figure class=\"wp-block-image aligncenter size-full\"><img loading=\"lazy\" decoding=\"async\" width=\"1400\" height=\"937\" src=\"https:\/\/wgphoto.pl\/t\/wp-content\/uploads\/2025\/10\/IMGP8149.jpg\" alt=\"\" class=\"wp-image-22117\" srcset=\"https:\/\/wgphoto.pl\/t\/wp-content\/uploads\/2025\/10\/IMGP8149.jpg 1400w, https:\/\/wgphoto.pl\/t\/wp-content\/uploads\/2025\/10\/IMGP8149-300x201.jpg 300w, https:\/\/wgphoto.pl\/t\/wp-content\/uploads\/2025\/10\/IMGP8149-768x514.jpg 768w\" sizes=\"auto, (max-width: 1400px) 100vw, 1400px\" \/><\/figure>\n\n\n\n<div class=\"wp-block-group has-global-padding is-layout-constrained wp-block-group-is-layout-constrained\">\n<p>Wroc\u0142aw, p\u0119tla Tarnogaj. 204WrAs 2612+2611 za chwil\u0119 wyruszy w kurs linii 22. Zajezdnia Borek rzadko si\u0119 na tej linii pojawia\u0142a, wi\u0119c wtedy zapewne doceni\u0142em, \u017ce mog\u0119 si\u0119 tak\u0105 tras\u0105 przejecha\u0107. 05.10.2010<\/p>\n<\/div>\n","protected":false},"excerpt":{"rendered":"<p>Wroc\u0142aw, p\u0119tla Tarnogaj. 204WrAs 2612+2611 za chwil\u0119 wyruszy w kurs linii 22. Zajezdnia Borek rzadko si\u0119 na tej linii pojawia\u0142a, wi\u0119c wtedy zapewne doceni\u0142em, \u017ce mog\u0119 si\u0119 tak\u0105 tras\u0105 przejecha\u0107. 05.10.2010<\/p>\n","protected":false},"author":1,"featured_media":22117,"comment_status":"open","ping_status":"","sticky":false,"template":"","format":"standard","meta":{"footnotes":""},"categories":[86,3],"tags":[4552,42,154,27,1577,439,41],"class_list":["post-22116","post","type-post","status-publish","format-standard","has-post-thumbnail","hentry","category-rok-2010","category-tramwaj","tag-2010-10-05","tag-mpk-wroclaw","tag-noc","tag-polska","tag-protram-204wras","tag-we-fabryce","tag-wroclaw"],"_links":{"self":[{"href":"https:\/\/wgphoto.pl\/t\/index.php?rest_route=\/wp\/v2\/posts\/22116","targetHints":{"allow":["GET"]}}],"collection":[{"href":"https:\/\/wgphoto.pl\/t\/index.php?rest_route=\/wp\/v2\/posts"}],"about":[{"href":"https:\/\/wgphoto.pl\/t\/index.php?rest_route=\/wp\/v2\/types\/post"}],"author":[{"embeddable":true,"href":"https:\/\/wgphoto.pl\/t\/index.php?rest_route=\/wp\/v2\/users\/1"}],"replies":[{"embeddable":true,"href":"https:\/\/wgphoto.pl\/t\/index.php?rest_route=%2Fwp%2Fv2%2Fcomments&post=22116"}],"version-history":[{"count":1,"href":"https:\/\/wgphoto.pl\/t\/index.php?rest_route=\/wp\/v2\/posts\/22116\/revisions"}],"predecessor-version":[{"id":22118,"href":"https:\/\/wgphoto.pl\/t\/index.php?rest_route=\/wp\/v2\/posts\/22116\/revisions\/22118"}],"wp:featuredmedia":[{"embeddable":true,"href":"https:\/\/wgphoto.pl\/t\/index.php?rest_route=\/wp\/v2\/media\/22117"}],"wp:attachment":[{"href":"https:\/\/wgphoto.pl\/t\/index.php?rest_route=%2Fwp%2Fv2%2Fmedia&parent=22116"}],"wp:term":[{"taxonomy":"category","embeddable":true,"href":"https:\/\/wgphoto.pl\/t\/index.php?rest_route=%2Fwp%2Fv2%2Fcategories&post=22116"},{"taxonomy":"post_tag","embeddable":true,"href":"https:\/\/wgphoto.pl\/t\/index.php?rest_route=%2Fwp%2Fv2%2Ftags&post=22116"}],"curies":[{"name":"wp","href":"https:\/\/api.w.org\/{rel}","templated":true}]}}