{"id":22119,"date":"2025-10-06T18:12:52","date_gmt":"2025-10-06T16:12:52","guid":{"rendered":"https:\/\/wgphoto.pl\/t\/?p=22119"},"modified":"2025-10-06T18:12:52","modified_gmt":"2025-10-06T16:12:52","slug":"dzienna-linia-w-srodku-nocy","status":"publish","type":"post","link":"https:\/\/wgphoto.pl\/t\/?p=22119","title":{"rendered":"Dzienna linia w \u015brodku nocy"},"content":{"rendered":"\n<figure class=\"wp-block-image aligncenter size-full\"><img loading=\"lazy\" decoding=\"async\" width=\"1400\" height=\"937\" src=\"https:\/\/wgphoto.pl\/t\/wp-content\/uploads\/2025\/10\/IMGP1964.jpg\" alt=\"\" class=\"wp-image-22120\" srcset=\"https:\/\/wgphoto.pl\/t\/wp-content\/uploads\/2025\/10\/IMGP1964.jpg 1400w, https:\/\/wgphoto.pl\/t\/wp-content\/uploads\/2025\/10\/IMGP1964-300x201.jpg 300w, https:\/\/wgphoto.pl\/t\/wp-content\/uploads\/2025\/10\/IMGP1964-768x514.jpg 768w\" sizes=\"auto, (max-width: 1400px) 100vw, 1400px\" \/><\/figure>\n\n\n\n<div class=\"wp-block-group has-global-padding is-layout-constrained wp-block-group-is-layout-constrained\">\n<p>Praga, p\u0119tla S\u00eddli\u0161t\u011b \u0158epy. O godz. 2:05 spotka\u0142y si\u0119 linia dzienna (14T 9132) z nocn\u0105 (T6A5 8693, z ty\u0142u kolejna brygada solo). Dzienna najprawdopodobniej kontynuuje s\u0142u\u017cb\u0119 z poprzedniego dnia i jeszcze d\u0142ugo nie zjedzie do zajezdni, gdy\u017c st\u0105d na Diablice jedzie si\u0119 godzin\u0119. Wygl\u0105da na to, \u017ce dycha kursowa\u0142a wtedy ca\u0142odobowo; numer dziennej linii zachowano zapewne dlatego, \u017ce jej trasa omija w\u0119ze\u0142 przesiadkowy dla wszystkich tramwaj\u00f3w nocnych. 09.07.2011<\/p>\n<\/div>\n","protected":false},"excerpt":{"rendered":"<p>Praga, p\u0119tla S\u00eddli\u0161t\u011b \u0158epy. O godz. 2:05 spotka\u0142y si\u0119 linia dzienna (14T 9132) z nocn\u0105 (T6A5 8693, z ty\u0142u kolejna brygada solo). Dzienna najprawdopodobniej kontynuuje s\u0142u\u017cb\u0119 z poprzedniego dnia i jeszcze d\u0142ugo nie zjedzie do zajezdni, gdy\u017c st\u0105d na Diablice jedzie si\u0119 godzin\u0119. Wygl\u0105da na to, \u017ce dycha kursowa\u0142a wtedy ca\u0142odobowo; numer dziennej linii zachowano [&hellip;]<\/p>\n","protected":false},"author":1,"featured_media":22120,"comment_status":"open","ping_status":"","sticky":false,"template":"","format":"standard","meta":{"footnotes":""},"categories":[77,3],"tags":[1048,49,1049,154,438,52,1496,216,841],"class_list":["post-22119","post","type-post","status-publish","format-standard","has-post-thumbnail","hentry","category-rok-2011","category-tramwaj","tag-2011-07-09","tag-czechy","tag-dp-praha","tag-noc","tag-portret-z-petli","tag-praga","tag-skoda-14t","tag-skoda-elektra","tag-tatra-t6"],"_links":{"self":[{"href":"https:\/\/wgphoto.pl\/t\/index.php?rest_route=\/wp\/v2\/posts\/22119","targetHints":{"allow":["GET"]}}],"collection":[{"href":"https:\/\/wgphoto.pl\/t\/index.php?rest_route=\/wp\/v2\/posts"}],"about":[{"href":"https:\/\/wgphoto.pl\/t\/index.php?rest_route=\/wp\/v2\/types\/post"}],"author":[{"embeddable":true,"href":"https:\/\/wgphoto.pl\/t\/index.php?rest_route=\/wp\/v2\/users\/1"}],"replies":[{"embeddable":true,"href":"https:\/\/wgphoto.pl\/t\/index.php?rest_route=%2Fwp%2Fv2%2Fcomments&post=22119"}],"version-history":[{"count":1,"href":"https:\/\/wgphoto.pl\/t\/index.php?rest_route=\/wp\/v2\/posts\/22119\/revisions"}],"predecessor-version":[{"id":22121,"href":"https:\/\/wgphoto.pl\/t\/index.php?rest_route=\/wp\/v2\/posts\/22119\/revisions\/22121"}],"wp:featuredmedia":[{"embeddable":true,"href":"https:\/\/wgphoto.pl\/t\/index.php?rest_route=\/wp\/v2\/media\/22120"}],"wp:attachment":[{"href":"https:\/\/wgphoto.pl\/t\/index.php?rest_route=%2Fwp%2Fv2%2Fmedia&parent=22119"}],"wp:term":[{"taxonomy":"category","embeddable":true,"href":"https:\/\/wgphoto.pl\/t\/index.php?rest_route=%2Fwp%2Fv2%2Fcategories&post=22119"},{"taxonomy":"post_tag","embeddable":true,"href":"https:\/\/wgphoto.pl\/t\/index.php?rest_route=%2Fwp%2Fv2%2Ftags&post=22119"}],"curies":[{"name":"wp","href":"https:\/\/api.w.org\/{rel}","templated":true}]}}