{"id":22122,"date":"2025-10-06T18:13:57","date_gmt":"2025-10-06T16:13:57","guid":{"rendered":"https:\/\/wgphoto.pl\/t\/?p=22122"},"modified":"2025-10-12T14:30:56","modified_gmt":"2025-10-12T12:30:56","slug":"o-ratowaniu-sytuacji","status":"publish","type":"post","link":"https:\/\/wgphoto.pl\/t\/?p=22122","title":{"rendered":"O ratowaniu sytuacji"},"content":{"rendered":"\n<figure class=\"wp-block-image aligncenter size-full\"><img loading=\"lazy\" decoding=\"async\" width=\"1400\" height=\"933\" src=\"https:\/\/wgphoto.pl\/t\/wp-content\/uploads\/2025\/10\/DSFN1766.jpg\" alt=\"\" class=\"wp-image-22123\" srcset=\"https:\/\/wgphoto.pl\/t\/wp-content\/uploads\/2025\/10\/DSFN1766.jpg 1400w, https:\/\/wgphoto.pl\/t\/wp-content\/uploads\/2025\/10\/DSFN1766-300x200.jpg 300w, https:\/\/wgphoto.pl\/t\/wp-content\/uploads\/2025\/10\/DSFN1766-768x512.jpg 768w\" sizes=\"auto, (max-width: 1400px) 100vw, 1400px\" \/><\/figure>\n\n\n\n<div class=\"wp-block-group has-global-padding is-layout-constrained wp-block-group-is-layout-constrained\">\n<p>ETR104-268 jako poci\u0105g regionalny relacji Bologna Centrale &#8211; San Benedetto Sambro-Castiglione Pepoli przeje\u017cd\u017ca mostem nad Sett\u0105 w miejscowo\u015bci Vado, kolejowo na szlaku Monzuno-Vado &#8211; Grizzana. To jest foto z ostatniego dnia wyjazdu, obfituj\u0105cego niestety w rozmaite przeciwno\u015bci (napisz\u0119 o nich pewnie pod innymi zdj\u0119ciami), wi\u0119c mia\u0142em dosy\u0107 mocne parcie na jakiekolwiek sensowne zdj\u0119cia. Na uj\u0119ciach z tego miejsca, kt\u00f3re przegl\u0105da\u0142em przed wyjazdem, miejsc\u00f3wka prezentowa\u0142a si\u0119 atrakcyjnie, ale research na streetview nasuwa\u0142 pewne w\u0105tpliwo\u015bci co do wegetacji na skarpie, z kt\u00f3rej si\u0119 to foto robi (wzorcowe uj\u0119cia wykonywane by\u0142y stoj\u0105c kilka metr\u00f3w wy\u017cej i bardziej od czo\u0142a poci\u0105gu). Mimo tego postanowi\u0142em sprawdzi\u0107 miejsc\u00f3wk\u0119. Rzeczywi\u015bcie, okaza\u0142o si\u0119, \u017ce akacje wystrzeli\u0142y kilka metr\u00f3w w g\u00f3r\u0119 i nici z wzorcowego motywu. To, co widzicie powy\u017cej, jest desperack\u0105 pr\u00f3b\u0105 ratowania sytuacji. Foto powsta\u0142o z kilkumetrowej wysoko\u015bci ogrodzenia miejscowego cmentarza, na kt\u00f3ry to mur wdrapa\u0142em si\u0119 korzystaj\u0105c z po\u017cyczonego mobilnego podestu, s\u0142u\u017c\u0105cego na tym\u017ce cmentarzu do &#8222;obs\u0142ugi&#8221; g\u00f3rnych rz\u0119d\u00f3w kolumbarium (\u015bciany do prechowywania urn). Problem w tym, \u017ce trzeba by\u0142o nim wjecha\u0107 na trawiast\u0105 skarp\u0119, nie zwracaj\u0105c przy tym na siebie uwagi. Na dodatek liczy\u0142em na spory ruch towarowy, gdy\u017c jest to g\u0142\u00f3wna (poza KDP) trasa \u0142\u0105cz\u0105ca Boloni\u0119 z Florencj\u0105, ale akurat trwa\u0142y jakie\u015b prace i tranzyt by\u0142 ca\u0142kowicie wstrzymany, jedynymi poci\u0105gami by\u0142y wi\u0119c kursuj\u0105ce co godzin\u0119 osob\u00f3wki. Powt\u00f3rki jednak nie planuj\u0119, bo akcja w\u0142a\u017cenia na mur cmentarza by\u0142a wystarczaj\u0105co przypa\u0142owa, za\u015b powy\u017cszy rezultat mnie w pe\u0142ni zadowala. 04.10.2025<\/p>\n<\/div>\n","protected":false},"excerpt":{"rendered":"<p>ETR104-268 jako poci\u0105g regionalny relacji Bologna Centrale &#8211; San Benedetto Sambro-Castiglione Pepoli przeje\u017cd\u017ca mostem nad Sett\u0105 w miejscowo\u015bci Vado, kolejowo na szlaku Monzuno-Vado &#8211; Grizzana. To jest foto z ostatniego dnia wyjazdu, obfituj\u0105cego niestety w rozmaite przeciwno\u015bci (napisz\u0119 o nich pewnie pod innymi zdj\u0119ciami), wi\u0119c mia\u0142em dosy\u0107 mocne parcie na jakiekolwiek sensowne zdj\u0119cia. Na uj\u0119ciach [&hellip;]<\/p>\n","protected":false},"author":1,"featured_media":22123,"comment_status":"open","ping_status":"","sticky":false,"template":"","format":"standard","meta":{"footnotes":""},"categories":[2,3208],"tags":[4553,4473,112,4554,45,4559,110],"class_list":["post-22122","post","type-post","status-publish","format-standard","has-post-thumbnail","hentry","category-kolej","category-rok-2025","tag-2025-10-04","tag-alstom-coradia-stream","tag-fs","tag-monzuno-vado","tag-most","tag-toskania-2025","tag-wlochy"],"_links":{"self":[{"href":"https:\/\/wgphoto.pl\/t\/index.php?rest_route=\/wp\/v2\/posts\/22122","targetHints":{"allow":["GET"]}}],"collection":[{"href":"https:\/\/wgphoto.pl\/t\/index.php?rest_route=\/wp\/v2\/posts"}],"about":[{"href":"https:\/\/wgphoto.pl\/t\/index.php?rest_route=\/wp\/v2\/types\/post"}],"author":[{"embeddable":true,"href":"https:\/\/wgphoto.pl\/t\/index.php?rest_route=\/wp\/v2\/users\/1"}],"replies":[{"embeddable":true,"href":"https:\/\/wgphoto.pl\/t\/index.php?rest_route=%2Fwp%2Fv2%2Fcomments&post=22122"}],"version-history":[{"count":1,"href":"https:\/\/wgphoto.pl\/t\/index.php?rest_route=\/wp\/v2\/posts\/22122\/revisions"}],"predecessor-version":[{"id":22124,"href":"https:\/\/wgphoto.pl\/t\/index.php?rest_route=\/wp\/v2\/posts\/22122\/revisions\/22124"}],"wp:featuredmedia":[{"embeddable":true,"href":"https:\/\/wgphoto.pl\/t\/index.php?rest_route=\/wp\/v2\/media\/22123"}],"wp:attachment":[{"href":"https:\/\/wgphoto.pl\/t\/index.php?rest_route=%2Fwp%2Fv2%2Fmedia&parent=22122"}],"wp:term":[{"taxonomy":"category","embeddable":true,"href":"https:\/\/wgphoto.pl\/t\/index.php?rest_route=%2Fwp%2Fv2%2Fcategories&post=22122"},{"taxonomy":"post_tag","embeddable":true,"href":"https:\/\/wgphoto.pl\/t\/index.php?rest_route=%2Fwp%2Fv2%2Ftags&post=22122"}],"curies":[{"name":"wp","href":"https:\/\/api.w.org\/{rel}","templated":true}]}}