{"id":22128,"date":"2025-10-07T21:45:13","date_gmt":"2025-10-07T19:45:13","guid":{"rendered":"https:\/\/wgphoto.pl\/t\/?p=22128"},"modified":"2025-10-07T21:45:40","modified_gmt":"2025-10-07T19:45:40","slug":"zlote-minuty","status":"publish","type":"post","link":"https:\/\/wgphoto.pl\/t\/?p=22128","title":{"rendered":"Z\u0142ote minuty"},"content":{"rendered":"\n<figure class=\"wp-block-image aligncenter size-full\"><img loading=\"lazy\" decoding=\"async\" width=\"1400\" height=\"933\" src=\"https:\/\/wgphoto.pl\/t\/wp-content\/uploads\/2025\/10\/DSCF1357.jpg\" alt=\"\" class=\"wp-image-22129\" srcset=\"https:\/\/wgphoto.pl\/t\/wp-content\/uploads\/2025\/10\/DSCF1357.jpg 1400w, https:\/\/wgphoto.pl\/t\/wp-content\/uploads\/2025\/10\/DSCF1357-300x200.jpg 300w, https:\/\/wgphoto.pl\/t\/wp-content\/uploads\/2025\/10\/DSCF1357-768x512.jpg 768w\" sizes=\"auto, (max-width: 1400px) 100vw, 1400px\" \/><\/figure>\n\n\n\n<div class=\"wp-block-group has-global-padding is-layout-constrained wp-block-group-is-layout-constrained\">\n<p>401Da-153 przy pracy w kopalni gnejsu Pomian\u00f3w-Doboszowice i ostatni przeb\u0142ysk s\u0142o\u0144ca tu\u017c przed zachodem. 30.08.2025<\/p>\n<\/div>\n","protected":false},"excerpt":{"rendered":"<p>401Da-153 przy pracy w kopalni gnejsu Pomian\u00f3w-Doboszowice i ostatni przeb\u0142ysk s\u0142o\u0144ca tu\u017c przed zachodem. 30.08.2025<\/p>\n","protected":false},"author":1,"featured_media":22129,"comment_status":"open","ping_status":"","sticky":false,"template":"","format":"standard","meta":{"footnotes":""},"categories":[2,3208],"tags":[4491,2923,4492,1067,27,894,181,90],"class_list":["post-22128","post","type-post","status-publish","format-standard","has-post-thumbnail","hentry","category-kolej","category-rok-2025","tag-2025-08-30","tag-401da","tag-doboszowice","tag-kamyki","tag-polska","tag-przemysl","tag-slonce","tag-wieczorem"],"_links":{"self":[{"href":"https:\/\/wgphoto.pl\/t\/index.php?rest_route=\/wp\/v2\/posts\/22128","targetHints":{"allow":["GET"]}}],"collection":[{"href":"https:\/\/wgphoto.pl\/t\/index.php?rest_route=\/wp\/v2\/posts"}],"about":[{"href":"https:\/\/wgphoto.pl\/t\/index.php?rest_route=\/wp\/v2\/types\/post"}],"author":[{"embeddable":true,"href":"https:\/\/wgphoto.pl\/t\/index.php?rest_route=\/wp\/v2\/users\/1"}],"replies":[{"embeddable":true,"href":"https:\/\/wgphoto.pl\/t\/index.php?rest_route=%2Fwp%2Fv2%2Fcomments&post=22128"}],"version-history":[{"count":1,"href":"https:\/\/wgphoto.pl\/t\/index.php?rest_route=\/wp\/v2\/posts\/22128\/revisions"}],"predecessor-version":[{"id":22130,"href":"https:\/\/wgphoto.pl\/t\/index.php?rest_route=\/wp\/v2\/posts\/22128\/revisions\/22130"}],"wp:featuredmedia":[{"embeddable":true,"href":"https:\/\/wgphoto.pl\/t\/index.php?rest_route=\/wp\/v2\/media\/22129"}],"wp:attachment":[{"href":"https:\/\/wgphoto.pl\/t\/index.php?rest_route=%2Fwp%2Fv2%2Fmedia&parent=22128"}],"wp:term":[{"taxonomy":"category","embeddable":true,"href":"https:\/\/wgphoto.pl\/t\/index.php?rest_route=%2Fwp%2Fv2%2Fcategories&post=22128"},{"taxonomy":"post_tag","embeddable":true,"href":"https:\/\/wgphoto.pl\/t\/index.php?rest_route=%2Fwp%2Fv2%2Ftags&post=22128"}],"curies":[{"name":"wp","href":"https:\/\/api.w.org\/{rel}","templated":true}]}}