{"id":22134,"date":"2025-10-12T14:25:00","date_gmt":"2025-10-12T12:25:00","guid":{"rendered":"https:\/\/wgphoto.pl\/t\/?p=22134"},"modified":"2025-10-12T14:25:00","modified_gmt":"2025-10-12T12:25:00","slug":"metrem-na-lotnisko-2","status":"publish","type":"post","link":"https:\/\/wgphoto.pl\/t\/?p=22134","title":{"rendered":"Metrem na lotnisko"},"content":{"rendered":"\n<figure class=\"wp-block-image aligncenter size-full\"><img loading=\"lazy\" decoding=\"async\" width=\"1400\" height=\"929\" src=\"https:\/\/wgphoto.pl\/t\/wp-content\/uploads\/2025\/10\/IMGP0823.jpg\" alt=\"\" class=\"wp-image-22135\" srcset=\"https:\/\/wgphoto.pl\/t\/wp-content\/uploads\/2025\/10\/IMGP0823.jpg 1400w, https:\/\/wgphoto.pl\/t\/wp-content\/uploads\/2025\/10\/IMGP0823-300x199.jpg 300w, https:\/\/wgphoto.pl\/t\/wp-content\/uploads\/2025\/10\/IMGP0823-768x510.jpg 768w\" sizes=\"auto, (max-width: 1400px) 100vw, 1400px\" \/><\/figure>\n\n\n\n<div class=\"wp-block-group has-global-padding is-layout-constrained wp-block-group-is-layout-constrained\">\n<p>Poci\u0105g linii 8 wje\u017cd\u017ca na stacj\u0119 Aeropuerto T1 T2 T3 w Madrycie. To jedyne foto z miejscowego metra, jakie mam, zrobione na szybko w oczekiwaniu na poci\u0105g przeciwnej relacji po przylocie do stolicy z Teneryfy. 08.11.2013<\/p>\n<\/div>\n","protected":false},"excerpt":{"rendered":"<p>Poci\u0105g linii 8 wje\u017cd\u017ca na stacj\u0119 Aeropuerto T1 T2 T3 w Madrycie. To jedyne foto z miejscowego metra, jakie mam, zrobione na szybko w oczekiwaniu na poci\u0105g przeciwnej relacji po przylocie do stolicy z Teneryfy. 08.11.2013<\/p>\n","protected":false},"author":1,"featured_media":22135,"comment_status":"open","ping_status":"","sticky":false,"template":"","format":"standard","meta":{"footnotes":""},"categories":[4,55],"tags":[1429,159,1309,4555,15],"class_list":["post-22134","post","type-post","status-publish","format-standard","has-post-thumbnail","hentry","category-metro","category-rok-2013","tag-2013-11-08","tag-hiszpania","tag-madryt","tag-metro-de-madrid","tag-tunel"],"_links":{"self":[{"href":"https:\/\/wgphoto.pl\/t\/index.php?rest_route=\/wp\/v2\/posts\/22134","targetHints":{"allow":["GET"]}}],"collection":[{"href":"https:\/\/wgphoto.pl\/t\/index.php?rest_route=\/wp\/v2\/posts"}],"about":[{"href":"https:\/\/wgphoto.pl\/t\/index.php?rest_route=\/wp\/v2\/types\/post"}],"author":[{"embeddable":true,"href":"https:\/\/wgphoto.pl\/t\/index.php?rest_route=\/wp\/v2\/users\/1"}],"replies":[{"embeddable":true,"href":"https:\/\/wgphoto.pl\/t\/index.php?rest_route=%2Fwp%2Fv2%2Fcomments&post=22134"}],"version-history":[{"count":1,"href":"https:\/\/wgphoto.pl\/t\/index.php?rest_route=\/wp\/v2\/posts\/22134\/revisions"}],"predecessor-version":[{"id":22136,"href":"https:\/\/wgphoto.pl\/t\/index.php?rest_route=\/wp\/v2\/posts\/22134\/revisions\/22136"}],"wp:featuredmedia":[{"embeddable":true,"href":"https:\/\/wgphoto.pl\/t\/index.php?rest_route=\/wp\/v2\/media\/22135"}],"wp:attachment":[{"href":"https:\/\/wgphoto.pl\/t\/index.php?rest_route=%2Fwp%2Fv2%2Fmedia&parent=22134"}],"wp:term":[{"taxonomy":"category","embeddable":true,"href":"https:\/\/wgphoto.pl\/t\/index.php?rest_route=%2Fwp%2Fv2%2Fcategories&post=22134"},{"taxonomy":"post_tag","embeddable":true,"href":"https:\/\/wgphoto.pl\/t\/index.php?rest_route=%2Fwp%2Fv2%2Ftags&post=22134"}],"curies":[{"name":"wp","href":"https:\/\/api.w.org\/{rel}","templated":true}]}}