{"id":22137,"date":"2025-10-12T14:25:46","date_gmt":"2025-10-12T12:25:46","guid":{"rendered":"https:\/\/wgphoto.pl\/t\/?p=22137"},"modified":"2025-10-12T14:25:46","modified_gmt":"2025-10-12T12:25:46","slug":"pendo-w-ramce","status":"publish","type":"post","link":"https:\/\/wgphoto.pl\/t\/?p=22137","title":{"rendered":"Pendo w ramce"},"content":{"rendered":"\n<figure class=\"wp-block-image aligncenter size-full\"><img loading=\"lazy\" decoding=\"async\" width=\"800\" height=\"1067\" src=\"https:\/\/wgphoto.pl\/t\/wp-content\/uploads\/2025\/10\/IMGP8211.jpg\" alt=\"\" class=\"wp-image-22138\" srcset=\"https:\/\/wgphoto.pl\/t\/wp-content\/uploads\/2025\/10\/IMGP8211.jpg 800w, https:\/\/wgphoto.pl\/t\/wp-content\/uploads\/2025\/10\/IMGP8211-225x300.jpg 225w, https:\/\/wgphoto.pl\/t\/wp-content\/uploads\/2025\/10\/IMGP8211-768x1024.jpg 768w\" sizes=\"auto, (max-width: 800px) 100vw, 800px\" \/><\/figure>\n\n\n\n<div class=\"wp-block-group has-global-padding is-layout-constrained wp-block-group-is-layout-constrained\">\n<p>SuperCity 505 relacji Praha hl.n. &#8211; Ostrava hl.n. w dolinie Orlicy na odcinku Brand\u00fds nad Orlic\u00ed &#8211; Bezpr\u00e1v\u00ed. To nie by\u0142 wyszukany motyw, lecz nietrafiony, nie trafi\u0142em bowiem na g\u00f3rk\u0119, jakiej szuka\u0142em, ale okaza\u0142o si\u0119, \u017ce st\u0105d te\u017c wida\u0107 poci\u0105gi, tylko o tej porze s\u0142o\u0144ce nie pasowa\u0142o ju\u017c najlepiej. 11.10.2010<\/p>\n<\/div>\n","protected":false},"excerpt":{"rendered":"<p>SuperCity 505 relacji Praha hl.n. &#8211; Ostrava hl.n. w dolinie Orlicy na odcinku Brand\u00fds nad Orlic\u00ed &#8211; Bezpr\u00e1v\u00ed. To nie by\u0142 wyszukany motyw, lecz nietrafiony, nie trafi\u0142em bowiem na g\u00f3rk\u0119, jakiej szuka\u0142em, ale okaza\u0142o si\u0119, \u017ce st\u0105d te\u017c wida\u0107 poci\u0105gi, tylko o tej porze s\u0142o\u0144ce nie pasowa\u0142o ju\u017c najlepiej. 11.10.2010<\/p>\n","protected":false},"author":1,"featured_media":22138,"comment_status":"open","ping_status":"","sticky":false,"template":"","format":"standard","meta":{"footnotes":""},"categories":[2,128,86],"tags":[1715,1713,1714,50,49,126,754,905,1375],"class_list":["post-22137","post","type-post","status-publish","format-standard","has-post-thumbnail","hentry","category-kolej","category-pionowe","category-rok-2010","tag-2010-10-11","tag-bezpravi","tag-brandys-nad-orlici","tag-cd","tag-czechy","tag-jesien","tag-pendolino","tag-przez","tag-tab-cz010"],"_links":{"self":[{"href":"https:\/\/wgphoto.pl\/t\/index.php?rest_route=\/wp\/v2\/posts\/22137","targetHints":{"allow":["GET"]}}],"collection":[{"href":"https:\/\/wgphoto.pl\/t\/index.php?rest_route=\/wp\/v2\/posts"}],"about":[{"href":"https:\/\/wgphoto.pl\/t\/index.php?rest_route=\/wp\/v2\/types\/post"}],"author":[{"embeddable":true,"href":"https:\/\/wgphoto.pl\/t\/index.php?rest_route=\/wp\/v2\/users\/1"}],"replies":[{"embeddable":true,"href":"https:\/\/wgphoto.pl\/t\/index.php?rest_route=%2Fwp%2Fv2%2Fcomments&post=22137"}],"version-history":[{"count":1,"href":"https:\/\/wgphoto.pl\/t\/index.php?rest_route=\/wp\/v2\/posts\/22137\/revisions"}],"predecessor-version":[{"id":22139,"href":"https:\/\/wgphoto.pl\/t\/index.php?rest_route=\/wp\/v2\/posts\/22137\/revisions\/22139"}],"wp:featuredmedia":[{"embeddable":true,"href":"https:\/\/wgphoto.pl\/t\/index.php?rest_route=\/wp\/v2\/media\/22138"}],"wp:attachment":[{"href":"https:\/\/wgphoto.pl\/t\/index.php?rest_route=%2Fwp%2Fv2%2Fmedia&parent=22137"}],"wp:term":[{"taxonomy":"category","embeddable":true,"href":"https:\/\/wgphoto.pl\/t\/index.php?rest_route=%2Fwp%2Fv2%2Fcategories&post=22137"},{"taxonomy":"post_tag","embeddable":true,"href":"https:\/\/wgphoto.pl\/t\/index.php?rest_route=%2Fwp%2Fv2%2Ftags&post=22137"}],"curies":[{"name":"wp","href":"https:\/\/api.w.org\/{rel}","templated":true}]}}