{"id":22143,"date":"2025-10-12T14:29:26","date_gmt":"2025-10-12T12:29:26","guid":{"rendered":"https:\/\/wgphoto.pl\/t\/?p=22143"},"modified":"2025-10-12T14:29:26","modified_gmt":"2025-10-12T12:29:26","slug":"sciopero","status":"publish","type":"post","link":"https:\/\/wgphoto.pl\/t\/?p=22143","title":{"rendered":"Sciopero"},"content":{"rendered":"\n<figure class=\"wp-block-image aligncenter size-full\"><img loading=\"lazy\" decoding=\"async\" width=\"1400\" height=\"933\" src=\"https:\/\/wgphoto.pl\/t\/wp-content\/uploads\/2025\/10\/DSFN1630.jpg\" alt=\"\" class=\"wp-image-22144\" srcset=\"https:\/\/wgphoto.pl\/t\/wp-content\/uploads\/2025\/10\/DSFN1630.jpg 1400w, https:\/\/wgphoto.pl\/t\/wp-content\/uploads\/2025\/10\/DSFN1630-300x200.jpg 300w, https:\/\/wgphoto.pl\/t\/wp-content\/uploads\/2025\/10\/DSFN1630-768x512.jpg 768w\" sizes=\"auto, (max-width: 1400px) 100vw, 1400px\" \/><\/figure>\n\n\n\n<div class=\"wp-block-group has-global-padding is-layout-constrained wp-block-group-is-layout-constrained\">\n<p>W nawi\u0105zaniu do poprzedniego &#8211; plan by\u0142 taki, by pierwszego dnia wyjazdu znale\u017a\u0107 poci\u0105gi prowadzone Fiatami oraz jakie\u015b miejsc\u00f3wki, a drugiego dnia je sfotografowa\u0107. Trenitalia jednak uraczy\u0142a mnie ca\u0142odobowym strajkiem (po w\u0142osku jak w tytule &#8211; warto zapami\u0119ta\u0107 to s\u0142\u00f3wko na przysz\u0142o\u015b\u0107). Na szcz\u0119\u015bcie w rozk\u0142adzie jazdy oznaczone s\u0105 kursy gwarantowane pomimo strajku, po 2-3 rano i popo\u0142udniu, gdy normalnie poci\u0105gi kursuj\u0105 mniej wi\u0119cej co godzin\u0119. Z poprzedniego dnia mia\u0142em ju\u017c obczajone kursy wagonowe, wi\u0119c poci\u0105g by\u0142 raczej pewny, tyle \u017ce w samej Florencji nie znalaz\u0142em bardziej porywaj\u0105cych uj\u0119\u0107 ni\u017c lufa z ko\u0144ca peronu i rozproszone \u015bwiat\u0142o o zachodzie s\u0142o\u0144ca. D445-1132 z poci\u0105giem R18969 Firenze Santa Maria Novella &#8211; Borgo San Lorenzo zatrzymuje si\u0119 na stacji Firenze Campo di Marte. Sk\u0142ad wzmocniony jest z 5 do 7 wagon\u00f3w, zapewne z powodu mniejszego uruchomienia w czasie strajku. Wagony jednak jecha\u0142y na wp\u00f3\u0142 puste, W\u0142osi najwidoczniej zrezygnowali z podr\u00f3\u017cy kolej\u0105 tego dnia, podobnie jak i ja. 03.10.2025<\/p>\n<\/div>\n","protected":false},"excerpt":{"rendered":"<p>W nawi\u0105zaniu do poprzedniego &#8211; plan by\u0142 taki, by pierwszego dnia wyjazdu znale\u017a\u0107 poci\u0105gi prowadzone Fiatami oraz jakie\u015b miejsc\u00f3wki, a drugiego dnia je sfotografowa\u0107. Trenitalia jednak uraczy\u0142a mnie ca\u0142odobowym strajkiem (po w\u0142osku jak w tytule &#8211; warto zapami\u0119ta\u0107 to s\u0142\u00f3wko na przysz\u0142o\u015b\u0107). Na szcz\u0119\u015bcie w rozk\u0142adzie jazdy oznaczone s\u0105 kursy gwarantowane pomimo strajku, po 2-3 [&hellip;]<\/p>\n","protected":false},"author":1,"featured_media":22144,"comment_status":"open","ping_status":"","sticky":false,"template":"","format":"standard","meta":{"footnotes":""},"categories":[2,3208],"tags":[4560,4558,4562,4561,112,4559,110],"class_list":["post-22143","post","type-post","status-publish","format-standard","has-post-thumbnail","hentry","category-kolej","category-rok-2025","tag-2025-10-03","tag-d445","tag-firenze-campo-di-marte","tag-florencja","tag-fs","tag-toskania-2025","tag-wlochy"],"_links":{"self":[{"href":"https:\/\/wgphoto.pl\/t\/index.php?rest_route=\/wp\/v2\/posts\/22143","targetHints":{"allow":["GET"]}}],"collection":[{"href":"https:\/\/wgphoto.pl\/t\/index.php?rest_route=\/wp\/v2\/posts"}],"about":[{"href":"https:\/\/wgphoto.pl\/t\/index.php?rest_route=\/wp\/v2\/types\/post"}],"author":[{"embeddable":true,"href":"https:\/\/wgphoto.pl\/t\/index.php?rest_route=\/wp\/v2\/users\/1"}],"replies":[{"embeddable":true,"href":"https:\/\/wgphoto.pl\/t\/index.php?rest_route=%2Fwp%2Fv2%2Fcomments&post=22143"}],"version-history":[{"count":1,"href":"https:\/\/wgphoto.pl\/t\/index.php?rest_route=\/wp\/v2\/posts\/22143\/revisions"}],"predecessor-version":[{"id":22145,"href":"https:\/\/wgphoto.pl\/t\/index.php?rest_route=\/wp\/v2\/posts\/22143\/revisions\/22145"}],"wp:featuredmedia":[{"embeddable":true,"href":"https:\/\/wgphoto.pl\/t\/index.php?rest_route=\/wp\/v2\/media\/22144"}],"wp:attachment":[{"href":"https:\/\/wgphoto.pl\/t\/index.php?rest_route=%2Fwp%2Fv2%2Fmedia&parent=22143"}],"wp:term":[{"taxonomy":"category","embeddable":true,"href":"https:\/\/wgphoto.pl\/t\/index.php?rest_route=%2Fwp%2Fv2%2Fcategories&post=22143"},{"taxonomy":"post_tag","embeddable":true,"href":"https:\/\/wgphoto.pl\/t\/index.php?rest_route=%2Fwp%2Fv2%2Ftags&post=22143"}],"curies":[{"name":"wp","href":"https:\/\/api.w.org\/{rel}","templated":true}]}}