{"id":22153,"date":"2025-10-13T17:49:10","date_gmt":"2025-10-13T15:49:10","guid":{"rendered":"https:\/\/wgphoto.pl\/t\/?p=22153"},"modified":"2025-10-13T17:49:10","modified_gmt":"2025-10-13T15:49:10","slug":"rezerwy-na-trojkacie","status":"publish","type":"post","link":"https:\/\/wgphoto.pl\/t\/?p=22153","title":{"rendered":"Rezerwy na tr\u00f3jk\u0105cie"},"content":{"rendered":"\n<figure class=\"wp-block-image aligncenter size-full\"><img loading=\"lazy\" decoding=\"async\" width=\"1400\" height=\"927\" src=\"https:\/\/wgphoto.pl\/t\/wp-content\/uploads\/2025\/10\/2001t-28_rsn.jpg\" alt=\"\" class=\"wp-image-22154\" srcset=\"https:\/\/wgphoto.pl\/t\/wp-content\/uploads\/2025\/10\/2001t-28_rsn.jpg 1400w, https:\/\/wgphoto.pl\/t\/wp-content\/uploads\/2025\/10\/2001t-28_rsn-300x199.jpg 300w, https:\/\/wgphoto.pl\/t\/wp-content\/uploads\/2025\/10\/2001t-28_rsn-768x509.jpg 768w\" sizes=\"auto, (max-width: 1400px) 100vw, 1400px\" \/><\/figure>\n\n\n\n<div class=\"wp-block-group has-global-padding is-layout-constrained wp-block-group-is-layout-constrained\">\n<p>Wroc\u0142aw, ul. Wierzbowa. Rezerwowe wagony 102Na 2043 i (dalej) 2022 czekaj\u0105 na zatrudnienie na tr\u00f3jk\u0105cie torowym. Zaraz za pierwszym wozem widoczny jest koniec czynnego toru i pocz\u0105tek nieczynnego, le\u017c\u0105cego w jezdni na dalszym odcinku. 09.10.2001<\/p>\n<\/div>\n","protected":false},"excerpt":{"rendered":"<p>Wroc\u0142aw, ul. Wierzbowa. Rezerwowe wagony 102Na 2043 i (dalej) 2022 czekaj\u0105 na zatrudnienie na tr\u00f3jk\u0105cie torowym. Zaraz za pierwszym wozem widoczny jest koniec czynnego toru i pocz\u0105tek nieczynnego, le\u017c\u0105cego w jezdni na dalszym odcinku. 09.10.2001<\/p>\n","protected":false},"author":1,"featured_media":22154,"comment_status":"open","ping_status":"","sticky":false,"template":"","format":"standard","meta":{"footnotes":""},"categories":[62,940,3],"tags":[4563,91,173,309,42,27,41],"class_list":["post-22153","post","type-post","status-publish","format-standard","has-post-thumbnail","hentry","category-analog","category-rok-2001","category-tramwaj","tag-2001-10-09","tag-blue-hour","tag-koncowki","tag-konstal-102na","tag-mpk-wroclaw","tag-polska","tag-wroclaw"],"_links":{"self":[{"href":"https:\/\/wgphoto.pl\/t\/index.php?rest_route=\/wp\/v2\/posts\/22153","targetHints":{"allow":["GET"]}}],"collection":[{"href":"https:\/\/wgphoto.pl\/t\/index.php?rest_route=\/wp\/v2\/posts"}],"about":[{"href":"https:\/\/wgphoto.pl\/t\/index.php?rest_route=\/wp\/v2\/types\/post"}],"author":[{"embeddable":true,"href":"https:\/\/wgphoto.pl\/t\/index.php?rest_route=\/wp\/v2\/users\/1"}],"replies":[{"embeddable":true,"href":"https:\/\/wgphoto.pl\/t\/index.php?rest_route=%2Fwp%2Fv2%2Fcomments&post=22153"}],"version-history":[{"count":1,"href":"https:\/\/wgphoto.pl\/t\/index.php?rest_route=\/wp\/v2\/posts\/22153\/revisions"}],"predecessor-version":[{"id":22155,"href":"https:\/\/wgphoto.pl\/t\/index.php?rest_route=\/wp\/v2\/posts\/22153\/revisions\/22155"}],"wp:featuredmedia":[{"embeddable":true,"href":"https:\/\/wgphoto.pl\/t\/index.php?rest_route=\/wp\/v2\/media\/22154"}],"wp:attachment":[{"href":"https:\/\/wgphoto.pl\/t\/index.php?rest_route=%2Fwp%2Fv2%2Fmedia&parent=22153"}],"wp:term":[{"taxonomy":"category","embeddable":true,"href":"https:\/\/wgphoto.pl\/t\/index.php?rest_route=%2Fwp%2Fv2%2Fcategories&post=22153"},{"taxonomy":"post_tag","embeddable":true,"href":"https:\/\/wgphoto.pl\/t\/index.php?rest_route=%2Fwp%2Fv2%2Ftags&post=22153"}],"curies":[{"name":"wp","href":"https:\/\/api.w.org\/{rel}","templated":true}]}}