{"id":22159,"date":"2025-10-13T17:51:01","date_gmt":"2025-10-13T15:51:01","guid":{"rendered":"https:\/\/wgphoto.pl\/t\/?p=22159"},"modified":"2025-10-13T17:51:01","modified_gmt":"2025-10-13T15:51:01","slug":"daleki-widok-z-sudeckiego-uskoku-brzeznego","status":"publish","type":"post","link":"https:\/\/wgphoto.pl\/t\/?p=22159","title":{"rendered":"Daleki widok z sudeckiego uskoku brze\u017cnego"},"content":{"rendered":"\n<figure class=\"wp-block-image aligncenter size-full\"><img loading=\"lazy\" decoding=\"async\" width=\"800\" height=\"1067\" src=\"https:\/\/wgphoto.pl\/t\/wp-content\/uploads\/2025\/10\/IMGP1611.jpg\" alt=\"\" class=\"wp-image-22160\" srcset=\"https:\/\/wgphoto.pl\/t\/wp-content\/uploads\/2025\/10\/IMGP1611.jpg 800w, https:\/\/wgphoto.pl\/t\/wp-content\/uploads\/2025\/10\/IMGP1611-225x300.jpg 225w, https:\/\/wgphoto.pl\/t\/wp-content\/uploads\/2025\/10\/IMGP1611-768x1024.jpg 768w\" sizes=\"auto, (max-width: 800px) 100vw, 800px\" \/><\/figure>\n\n\n\n<div class=\"wp-block-group has-global-padding is-layout-constrained wp-block-group-is-layout-constrained\">\n<p>ST44 z wahad\u0142em pod za\u0142adunek kamienia zbli\u017ca si\u0119 do stacji Bardo Przy\u0142\u0119k. Silosy w prawym g\u00f3rnym rogu stoj\u0105 ju\u017c w Kamie\u0144cu Z\u0105bkowickim. 13.10.2018<\/p>\n<\/div>\n","protected":false},"excerpt":{"rendered":"<p>ST44 z wahad\u0142em pod za\u0142adunek kamienia zbli\u017ca si\u0119 do stacji Bardo Przy\u0142\u0119k. Silosy w prawym g\u00f3rnym rogu stoj\u0105 ju\u017c w Kamie\u0144cu Z\u0105bkowickim. 13.10.2018<\/p>\n","protected":false},"author":1,"featured_media":22160,"comment_status":"open","ping_status":"","sticky":false,"template":"","format":"standard","meta":{"footnotes":""},"categories":[2,128,156],"tags":[3851,1226,113,63,118,27,530,3541,383],"class_list":["post-22159","post","type-post","status-publish","format-standard","has-post-thumbnail","hentry","category-kolej","category-pionowe","category-rok-2018","tag-2018-10-13","tag-bardo-przylek","tag-landszaft","tag-pkp","tag-plany-i-profile","tag-polska","tag-st44","tag-suszka","tag-tab-pl230"],"_links":{"self":[{"href":"https:\/\/wgphoto.pl\/t\/index.php?rest_route=\/wp\/v2\/posts\/22159","targetHints":{"allow":["GET"]}}],"collection":[{"href":"https:\/\/wgphoto.pl\/t\/index.php?rest_route=\/wp\/v2\/posts"}],"about":[{"href":"https:\/\/wgphoto.pl\/t\/index.php?rest_route=\/wp\/v2\/types\/post"}],"author":[{"embeddable":true,"href":"https:\/\/wgphoto.pl\/t\/index.php?rest_route=\/wp\/v2\/users\/1"}],"replies":[{"embeddable":true,"href":"https:\/\/wgphoto.pl\/t\/index.php?rest_route=%2Fwp%2Fv2%2Fcomments&post=22159"}],"version-history":[{"count":1,"href":"https:\/\/wgphoto.pl\/t\/index.php?rest_route=\/wp\/v2\/posts\/22159\/revisions"}],"predecessor-version":[{"id":22161,"href":"https:\/\/wgphoto.pl\/t\/index.php?rest_route=\/wp\/v2\/posts\/22159\/revisions\/22161"}],"wp:featuredmedia":[{"embeddable":true,"href":"https:\/\/wgphoto.pl\/t\/index.php?rest_route=\/wp\/v2\/media\/22160"}],"wp:attachment":[{"href":"https:\/\/wgphoto.pl\/t\/index.php?rest_route=%2Fwp%2Fv2%2Fmedia&parent=22159"}],"wp:term":[{"taxonomy":"category","embeddable":true,"href":"https:\/\/wgphoto.pl\/t\/index.php?rest_route=%2Fwp%2Fv2%2Fcategories&post=22159"},{"taxonomy":"post_tag","embeddable":true,"href":"https:\/\/wgphoto.pl\/t\/index.php?rest_route=%2Fwp%2Fv2%2Ftags&post=22159"}],"curies":[{"name":"wp","href":"https:\/\/api.w.org\/{rel}","templated":true}]}}