{"id":22168,"date":"2025-10-15T16:38:44","date_gmt":"2025-10-15T14:38:44","guid":{"rendered":"https:\/\/wgphoto.pl\/t\/?p=22168"},"modified":"2025-10-15T16:38:44","modified_gmt":"2025-10-15T14:38:44","slug":"et22-117","status":"publish","type":"post","link":"https:\/\/wgphoto.pl\/t\/?p=22168","title":{"rendered":"ET22-117"},"content":{"rendered":"\n<figure class=\"wp-block-image aligncenter size-full\"><img loading=\"lazy\" decoding=\"async\" width=\"1400\" height=\"927\" src=\"https:\/\/wgphoto.pl\/t\/wp-content\/uploads\/2025\/10\/0820-00.jpg\" alt=\"\" class=\"wp-image-22170\" srcset=\"https:\/\/wgphoto.pl\/t\/wp-content\/uploads\/2025\/10\/0820-00.jpg 1400w, https:\/\/wgphoto.pl\/t\/wp-content\/uploads\/2025\/10\/0820-00-300x199.jpg 300w, https:\/\/wgphoto.pl\/t\/wp-content\/uploads\/2025\/10\/0820-00-768x509.jpg 768w\" sizes=\"auto, (max-width: 1400px) 100vw, 1400px\" \/><\/figure>\n\n\n\n<div class=\"wp-block-group has-global-padding is-layout-constrained wp-block-group-is-layout-constrained\">\n<p>ET22-117 z poci\u0105giem pospiesznym 68105 &#8222;Wiking&#8221; relacji Wroc\u0142aw G\u0142. &#8211; Szczecin G\u0142. zbli\u017ca si\u0119 do Rawicza. To kolejna wariacja na temat mechanicznych zap\u00f3r mi\u0119dzy Rawiczem a granic\u0105 wojew\u00f3dztw, mam jeszcze par\u0119 innych kadr\u00f3w w tym temacie. 16.10.2008<\/p>\n<\/div>\n","protected":false},"excerpt":{"rendered":"<p>ET22-117 z poci\u0105giem pospiesznym 68105 &#8222;Wiking&#8221; relacji Wroc\u0142aw G\u0142. &#8211; Szczecin G\u0142. zbli\u017ca si\u0119 do Rawicza. To kolejna wariacja na temat mechanicznych zap\u00f3r mi\u0119dzy Rawiczem a granic\u0105 wojew\u00f3dztw, mam jeszcze par\u0119 innych kadr\u00f3w w tym temacie. 16.10.2008<\/p>\n","protected":false},"author":1,"featured_media":22170,"comment_status":"open","ping_status":"","sticky":false,"template":"","format":"standard","meta":{"footnotes":""},"categories":[62,2,120],"tags":[2277,26,230,2276,63,27,2275,190],"class_list":["post-22168","post","type-post","status-publish","format-standard","has-post-thumbnail","hentry","category-analog","category-kolej","category-rok-2008","tag-2008-10-16","tag-et22","tag-infrastruktura","tag-korzensko","tag-pkp","tag-polska","tag-rawicz","tag-tab-pl330"],"_links":{"self":[{"href":"https:\/\/wgphoto.pl\/t\/index.php?rest_route=\/wp\/v2\/posts\/22168","targetHints":{"allow":["GET"]}}],"collection":[{"href":"https:\/\/wgphoto.pl\/t\/index.php?rest_route=\/wp\/v2\/posts"}],"about":[{"href":"https:\/\/wgphoto.pl\/t\/index.php?rest_route=\/wp\/v2\/types\/post"}],"author":[{"embeddable":true,"href":"https:\/\/wgphoto.pl\/t\/index.php?rest_route=\/wp\/v2\/users\/1"}],"replies":[{"embeddable":true,"href":"https:\/\/wgphoto.pl\/t\/index.php?rest_route=%2Fwp%2Fv2%2Fcomments&post=22168"}],"version-history":[{"count":1,"href":"https:\/\/wgphoto.pl\/t\/index.php?rest_route=\/wp\/v2\/posts\/22168\/revisions"}],"predecessor-version":[{"id":22171,"href":"https:\/\/wgphoto.pl\/t\/index.php?rest_route=\/wp\/v2\/posts\/22168\/revisions\/22171"}],"wp:featuredmedia":[{"embeddable":true,"href":"https:\/\/wgphoto.pl\/t\/index.php?rest_route=\/wp\/v2\/media\/22170"}],"wp:attachment":[{"href":"https:\/\/wgphoto.pl\/t\/index.php?rest_route=%2Fwp%2Fv2%2Fmedia&parent=22168"}],"wp:term":[{"taxonomy":"category","embeddable":true,"href":"https:\/\/wgphoto.pl\/t\/index.php?rest_route=%2Fwp%2Fv2%2Fcategories&post=22168"},{"taxonomy":"post_tag","embeddable":true,"href":"https:\/\/wgphoto.pl\/t\/index.php?rest_route=%2Fwp%2Fv2%2Ftags&post=22168"}],"curies":[{"name":"wp","href":"https:\/\/api.w.org\/{rel}","templated":true}]}}