{"id":22172,"date":"2025-10-15T16:39:46","date_gmt":"2025-10-15T14:39:46","guid":{"rendered":"https:\/\/wgphoto.pl\/t\/?p=22172"},"modified":"2025-10-15T16:39:46","modified_gmt":"2025-10-15T14:39:46","slug":"su46-010","status":"publish","type":"post","link":"https:\/\/wgphoto.pl\/t\/?p=22172","title":{"rendered":"SU46-010"},"content":{"rendered":"\n<figure class=\"wp-block-image aligncenter size-full\"><img loading=\"lazy\" decoding=\"async\" width=\"1399\" height=\"905\" src=\"https:\/\/wgphoto.pl\/t\/wp-content\/uploads\/2025\/10\/0809-30.jpg\" alt=\"\" class=\"wp-image-22173\" srcset=\"https:\/\/wgphoto.pl\/t\/wp-content\/uploads\/2025\/10\/0809-30.jpg 1399w, https:\/\/wgphoto.pl\/t\/wp-content\/uploads\/2025\/10\/0809-30-300x194.jpg 300w, https:\/\/wgphoto.pl\/t\/wp-content\/uploads\/2025\/10\/0809-30-768x497.jpg 768w\" sizes=\"auto, (max-width: 1399px) 100vw, 1399px\" \/><\/figure>\n\n\n\n<div class=\"wp-block-group has-global-padding is-layout-constrained wp-block-group-is-layout-constrained\">\n<p>SU46-010 z poci\u0105giem osobowym 98135 z E\u0142ku do Olsztyna wje\u017cd\u017ca na stacj\u0119 K\u0119trzyn. 07.08.2008<\/p>\n<\/div>\n","protected":false},"excerpt":{"rendered":"<p>SU46-010 z poci\u0105giem osobowym 98135 z E\u0142ku do Olsztyna wje\u017cd\u017ca na stacj\u0119 K\u0119trzyn. 07.08.2008<\/p>\n","protected":false},"author":1,"featured_media":22173,"comment_status":"open","ping_status":"","sticky":false,"template":"","format":"standard","meta":{"footnotes":""},"categories":[62,2,120],"tags":[2625,2794,63,27,84,53,322,231],"class_list":["post-22172","post","type-post","status-publish","format-standard","has-post-thumbnail","hentry","category-analog","category-kolej","category-rok-2008","tag-2008-08-07","tag-ketrzyn","tag-pkp","tag-polska","tag-su46","tag-sygnalizacja-ksztaltowa","tag-tab-pl510","tag-wieza-cisnien"],"_links":{"self":[{"href":"https:\/\/wgphoto.pl\/t\/index.php?rest_route=\/wp\/v2\/posts\/22172","targetHints":{"allow":["GET"]}}],"collection":[{"href":"https:\/\/wgphoto.pl\/t\/index.php?rest_route=\/wp\/v2\/posts"}],"about":[{"href":"https:\/\/wgphoto.pl\/t\/index.php?rest_route=\/wp\/v2\/types\/post"}],"author":[{"embeddable":true,"href":"https:\/\/wgphoto.pl\/t\/index.php?rest_route=\/wp\/v2\/users\/1"}],"replies":[{"embeddable":true,"href":"https:\/\/wgphoto.pl\/t\/index.php?rest_route=%2Fwp%2Fv2%2Fcomments&post=22172"}],"version-history":[{"count":1,"href":"https:\/\/wgphoto.pl\/t\/index.php?rest_route=\/wp\/v2\/posts\/22172\/revisions"}],"predecessor-version":[{"id":22174,"href":"https:\/\/wgphoto.pl\/t\/index.php?rest_route=\/wp\/v2\/posts\/22172\/revisions\/22174"}],"wp:featuredmedia":[{"embeddable":true,"href":"https:\/\/wgphoto.pl\/t\/index.php?rest_route=\/wp\/v2\/media\/22173"}],"wp:attachment":[{"href":"https:\/\/wgphoto.pl\/t\/index.php?rest_route=%2Fwp%2Fv2%2Fmedia&parent=22172"}],"wp:term":[{"taxonomy":"category","embeddable":true,"href":"https:\/\/wgphoto.pl\/t\/index.php?rest_route=%2Fwp%2Fv2%2Fcategories&post=22172"},{"taxonomy":"post_tag","embeddable":true,"href":"https:\/\/wgphoto.pl\/t\/index.php?rest_route=%2Fwp%2Fv2%2Ftags&post=22172"}],"curies":[{"name":"wp","href":"https:\/\/api.w.org\/{rel}","templated":true}]}}