{"id":22175,"date":"2025-10-15T16:40:45","date_gmt":"2025-10-15T14:40:45","guid":{"rendered":"https:\/\/wgphoto.pl\/t\/?p=22175"},"modified":"2025-10-15T16:40:45","modified_gmt":"2025-10-15T14:40:45","slug":"pasajul-victoria","status":"publish","type":"post","link":"https:\/\/wgphoto.pl\/t\/?p=22175","title":{"rendered":"Pasajul Victoria"},"content":{"rendered":"\n<figure class=\"wp-block-image aligncenter size-full\"><img loading=\"lazy\" decoding=\"async\" width=\"1400\" height=\"927\" src=\"https:\/\/wgphoto.pl\/t\/wp-content\/uploads\/2025\/10\/IMGP5441.jpg\" alt=\"\" class=\"wp-image-22176\" srcset=\"https:\/\/wgphoto.pl\/t\/wp-content\/uploads\/2025\/10\/IMGP5441.jpg 1400w, https:\/\/wgphoto.pl\/t\/wp-content\/uploads\/2025\/10\/IMGP5441-300x199.jpg 300w, https:\/\/wgphoto.pl\/t\/wp-content\/uploads\/2025\/10\/IMGP5441-768x509.jpg 768w\" sizes=\"auto, (max-width: 1400px) 100vw, 1400px\" \/><\/figure>\n\n\n\n<div class=\"wp-block-group has-global-padding is-layout-constrained wp-block-group-is-layout-constrained\">\n<p>Bukareszt, Pasajul Victoria. Wagon V3A-93 nr 214 zje\u017cd\u017ca do tunelu pod Pia\u021ba Victoriei w tyle\u017c wielkomiejskim co ponurym krajobrazie stolicy, kt\u00f3ry nieco ocieplaj\u0105 \u017c\u00f3\u0142te elementy kadru. 16.10.2019<\/p>\n<\/div>\n","protected":false},"excerpt":{"rendered":"<p>Bukareszt, Pasajul Victoria. Wagon V3A-93 nr 214 zje\u017cd\u017ca do tunelu pod Pia\u021ba Victoriei w tyle\u017c wielkomiejskim co ponurym krajobrazie stolicy, kt\u00f3ry nieco ocieplaj\u0105 \u017c\u00f3\u0142te elementy kadru. 16.10.2019<\/p>\n","protected":false},"author":1,"featured_media":22176,"comment_status":"open","ping_status":"","sticky":false,"template":"","format":"standard","meta":{"footnotes":""},"categories":[136,3],"tags":[1556,965,574,966,575],"class_list":["post-22175","post","type-post","status-publish","format-standard","has-post-thumbnail","hentry","category-rok-2019","category-tramwaj","tag-2019-10-16","tag-bukareszt","tag-rumunia","tag-stb-bucuresti","tag-wakacje-2019"],"_links":{"self":[{"href":"https:\/\/wgphoto.pl\/t\/index.php?rest_route=\/wp\/v2\/posts\/22175","targetHints":{"allow":["GET"]}}],"collection":[{"href":"https:\/\/wgphoto.pl\/t\/index.php?rest_route=\/wp\/v2\/posts"}],"about":[{"href":"https:\/\/wgphoto.pl\/t\/index.php?rest_route=\/wp\/v2\/types\/post"}],"author":[{"embeddable":true,"href":"https:\/\/wgphoto.pl\/t\/index.php?rest_route=\/wp\/v2\/users\/1"}],"replies":[{"embeddable":true,"href":"https:\/\/wgphoto.pl\/t\/index.php?rest_route=%2Fwp%2Fv2%2Fcomments&post=22175"}],"version-history":[{"count":1,"href":"https:\/\/wgphoto.pl\/t\/index.php?rest_route=\/wp\/v2\/posts\/22175\/revisions"}],"predecessor-version":[{"id":22177,"href":"https:\/\/wgphoto.pl\/t\/index.php?rest_route=\/wp\/v2\/posts\/22175\/revisions\/22177"}],"wp:featuredmedia":[{"embeddable":true,"href":"https:\/\/wgphoto.pl\/t\/index.php?rest_route=\/wp\/v2\/media\/22176"}],"wp:attachment":[{"href":"https:\/\/wgphoto.pl\/t\/index.php?rest_route=%2Fwp%2Fv2%2Fmedia&parent=22175"}],"wp:term":[{"taxonomy":"category","embeddable":true,"href":"https:\/\/wgphoto.pl\/t\/index.php?rest_route=%2Fwp%2Fv2%2Fcategories&post=22175"},{"taxonomy":"post_tag","embeddable":true,"href":"https:\/\/wgphoto.pl\/t\/index.php?rest_route=%2Fwp%2Fv2%2Ftags&post=22175"}],"curies":[{"name":"wp","href":"https:\/\/api.w.org\/{rel}","templated":true}]}}