{"id":22196,"date":"2025-10-18T11:34:24","date_gmt":"2025-10-18T09:34:24","guid":{"rendered":"https:\/\/wgphoto.pl\/t\/?p=22196"},"modified":"2025-10-18T11:34:24","modified_gmt":"2025-10-18T09:34:24","slug":"102na-2073","status":"publish","type":"post","link":"https:\/\/wgphoto.pl\/t\/?p=22196","title":{"rendered":"102Na 2073"},"content":{"rendered":"\n<figure class=\"wp-block-image aligncenter size-full\"><img loading=\"lazy\" decoding=\"async\" width=\"1400\" height=\"927\" src=\"http:\/\/wgphoto.pl\/t\/wp-content\/uploads\/2025\/10\/2000L-12_rsn.jpg\" alt=\"\" class=\"wp-image-22194\" srcset=\"https:\/\/wgphoto.pl\/t\/wp-content\/uploads\/2025\/10\/2000L-12_rsn.jpg 1400w, https:\/\/wgphoto.pl\/t\/wp-content\/uploads\/2025\/10\/2000L-12_rsn-300x199.jpg 300w, https:\/\/wgphoto.pl\/t\/wp-content\/uploads\/2025\/10\/2000L-12_rsn-768x509.jpg 768w\" sizes=\"auto, (max-width: 1400px) 100vw, 1400px\" \/><\/figure>\n\n\n\n<div class=\"wp-block-group has-global-padding is-layout-constrained wp-block-group-is-layout-constrained\">\n<p>Wroc\u0142aw, p\u0119tla Opor\u00f3w, 102Na 2073. Reklama jest kwintesencj\u0105 grafiki lat 90. 16.10.2000<\/p>\n<\/div>\n","protected":false},"excerpt":{"rendered":"<p>Wroc\u0142aw, p\u0119tla Opor\u00f3w, 102Na 2073. Reklama jest kwintesencj\u0105 grafiki lat 90. 16.10.2000<\/p>\n","protected":false},"author":1,"featured_media":22194,"comment_status":"open","ping_status":"","sticky":false,"template":"","format":"standard","meta":{"footnotes":""},"categories":[62,1099,3],"tags":[4565,309,42,27,438,41],"class_list":["post-22196","post","type-post","status-publish","format-standard","has-post-thumbnail","hentry","category-analog","category-rok-2000","category-tramwaj","tag-2000-10-16","tag-konstal-102na","tag-mpk-wroclaw","tag-polska","tag-portret-z-petli","tag-wroclaw"],"_links":{"self":[{"href":"https:\/\/wgphoto.pl\/t\/index.php?rest_route=\/wp\/v2\/posts\/22196","targetHints":{"allow":["GET"]}}],"collection":[{"href":"https:\/\/wgphoto.pl\/t\/index.php?rest_route=\/wp\/v2\/posts"}],"about":[{"href":"https:\/\/wgphoto.pl\/t\/index.php?rest_route=\/wp\/v2\/types\/post"}],"author":[{"embeddable":true,"href":"https:\/\/wgphoto.pl\/t\/index.php?rest_route=\/wp\/v2\/users\/1"}],"replies":[{"embeddable":true,"href":"https:\/\/wgphoto.pl\/t\/index.php?rest_route=%2Fwp%2Fv2%2Fcomments&post=22196"}],"version-history":[{"count":1,"href":"https:\/\/wgphoto.pl\/t\/index.php?rest_route=\/wp\/v2\/posts\/22196\/revisions"}],"predecessor-version":[{"id":22197,"href":"https:\/\/wgphoto.pl\/t\/index.php?rest_route=\/wp\/v2\/posts\/22196\/revisions\/22197"}],"wp:featuredmedia":[{"embeddable":true,"href":"https:\/\/wgphoto.pl\/t\/index.php?rest_route=\/wp\/v2\/media\/22194"}],"wp:attachment":[{"href":"https:\/\/wgphoto.pl\/t\/index.php?rest_route=%2Fwp%2Fv2%2Fmedia&parent=22196"}],"wp:term":[{"taxonomy":"category","embeddable":true,"href":"https:\/\/wgphoto.pl\/t\/index.php?rest_route=%2Fwp%2Fv2%2Fcategories&post=22196"},{"taxonomy":"post_tag","embeddable":true,"href":"https:\/\/wgphoto.pl\/t\/index.php?rest_route=%2Fwp%2Fv2%2Ftags&post=22196"}],"curies":[{"name":"wp","href":"https:\/\/api.w.org\/{rel}","templated":true}]}}