{"id":22208,"date":"2025-10-18T16:23:37","date_gmt":"2025-10-18T14:23:37","guid":{"rendered":"https:\/\/wgphoto.pl\/t\/?p=22208"},"modified":"2025-10-18T16:23:37","modified_gmt":"2025-10-18T14:23:37","slug":"desiro-ml-w-dolinie-renu","status":"publish","type":"post","link":"https:\/\/wgphoto.pl\/t\/?p=22208","title":{"rendered":"Desiro ML w dolinie Renu"},"content":{"rendered":"\n<figure class=\"wp-block-image aligncenter size-full\"><img loading=\"lazy\" decoding=\"async\" width=\"1400\" height=\"927\" src=\"https:\/\/wgphoto.pl\/t\/wp-content\/uploads\/2025\/10\/IMGP9471.jpg\" alt=\"\" class=\"wp-image-22209\" srcset=\"https:\/\/wgphoto.pl\/t\/wp-content\/uploads\/2025\/10\/IMGP9471.jpg 1400w, https:\/\/wgphoto.pl\/t\/wp-content\/uploads\/2025\/10\/IMGP9471-300x199.jpg 300w, https:\/\/wgphoto.pl\/t\/wp-content\/uploads\/2025\/10\/IMGP9471-768x509.jpg 768w\" sizes=\"auto, (max-width: 1400px) 100vw, 1400px\" \/><\/figure>\n\n\n\n<div class=\"wp-block-group has-global-padding is-layout-constrained wp-block-group-is-layout-constrained\">\n<p>Jednostka Desiro ML 460.005 sp\u00f3\u0142ki Trans Regio Deutsche Regionalbahn GmbH jako RB26 Mainz Hbf &#8211; K\u00f6ln Messe\/Deutz zbli\u017ca si\u0119 do semafor\u00f3w posterunku Urbar S\u00fcd. 24.08.2022<\/p>\n<\/div>\n","protected":false},"excerpt":{"rendered":"<p>Jednostka Desiro ML 460.005 sp\u00f3\u0142ki Trans Regio Deutsche Regionalbahn GmbH jako RB26 Mainz Hbf &#8211; K\u00f6ln Messe\/Deutz zbli\u017ca si\u0119 do semafor\u00f3w posterunku Urbar S\u00fcd. 24.08.2022<\/p>\n","protected":false},"author":1,"featured_media":22209,"comment_status":"open","ping_status":"","sticky":false,"template":"","format":"standard","meta":{"footnotes":""},"categories":[2,669],"tags":[3886,1282,113,568,23,569,73,4242,4241],"class_list":["post-22208","post","type-post","status-publish","format-standard","has-post-thumbnail","hentry","category-kolej","category-rok-2022","tag-2022-08-24","tag-9-euro-ticket-2022","tag-landszaft","tag-linke-rheinstrecke","tag-niemcy","tag-oberwesel","tag-rzeka","tag-siemens-desiro-ml","tag-trans-regio"],"_links":{"self":[{"href":"https:\/\/wgphoto.pl\/t\/index.php?rest_route=\/wp\/v2\/posts\/22208","targetHints":{"allow":["GET"]}}],"collection":[{"href":"https:\/\/wgphoto.pl\/t\/index.php?rest_route=\/wp\/v2\/posts"}],"about":[{"href":"https:\/\/wgphoto.pl\/t\/index.php?rest_route=\/wp\/v2\/types\/post"}],"author":[{"embeddable":true,"href":"https:\/\/wgphoto.pl\/t\/index.php?rest_route=\/wp\/v2\/users\/1"}],"replies":[{"embeddable":true,"href":"https:\/\/wgphoto.pl\/t\/index.php?rest_route=%2Fwp%2Fv2%2Fcomments&post=22208"}],"version-history":[{"count":1,"href":"https:\/\/wgphoto.pl\/t\/index.php?rest_route=\/wp\/v2\/posts\/22208\/revisions"}],"predecessor-version":[{"id":22210,"href":"https:\/\/wgphoto.pl\/t\/index.php?rest_route=\/wp\/v2\/posts\/22208\/revisions\/22210"}],"wp:featuredmedia":[{"embeddable":true,"href":"https:\/\/wgphoto.pl\/t\/index.php?rest_route=\/wp\/v2\/media\/22209"}],"wp:attachment":[{"href":"https:\/\/wgphoto.pl\/t\/index.php?rest_route=%2Fwp%2Fv2%2Fmedia&parent=22208"}],"wp:term":[{"taxonomy":"category","embeddable":true,"href":"https:\/\/wgphoto.pl\/t\/index.php?rest_route=%2Fwp%2Fv2%2Fcategories&post=22208"},{"taxonomy":"post_tag","embeddable":true,"href":"https:\/\/wgphoto.pl\/t\/index.php?rest_route=%2Fwp%2Fv2%2Ftags&post=22208"}],"curies":[{"name":"wp","href":"https:\/\/api.w.org\/{rel}","templated":true}]}}