{"id":2221,"date":"2024-10-10T17:25:51","date_gmt":"2024-10-10T15:25:51","guid":{"rendered":"https:\/\/wgphoto.pl\/t\/?p=2221"},"modified":"2024-10-10T17:25:51","modified_gmt":"2024-10-10T15:25:51","slug":"oriente-w-dzien","status":"publish","type":"post","link":"https:\/\/wgphoto.pl\/t\/?p=2221","title":{"rendered":"Oriente w dzie\u0144"},"content":{"rendered":"\n<figure class=\"wp-block-image aligncenter size-full\"><img loading=\"lazy\" decoding=\"async\" width=\"1200\" height=\"800\" src=\"https:\/\/wgphoto.pl\/t\/wp-content\/uploads\/2024\/10\/IMGP5967.jpg\" alt=\"\" class=\"wp-image-2222\" srcset=\"https:\/\/wgphoto.pl\/t\/wp-content\/uploads\/2024\/10\/IMGP5967.jpg 1200w, https:\/\/wgphoto.pl\/t\/wp-content\/uploads\/2024\/10\/IMGP5967-300x200.jpg 300w, https:\/\/wgphoto.pl\/t\/wp-content\/uploads\/2024\/10\/IMGP5967-768x512.jpg 768w\" sizes=\"auto, (max-width: 1200px) 100vw, 1200px\" \/><\/figure>\n\n\n\n<div class=\"wp-block-group has-global-padding is-layout-constrained wp-block-group-is-layout-constrained\">\n<p>Lisboa Oriente w dzie\u0144 nie robi takiego wra\u017cenia jak noc\u0105. Kolorystyka dworca jest oszcz\u0119dna i neutralna, ale razi troch\u0119 z\u0105b czasu przejawiaj\u0105cy si\u0119 m.in. w rdzawych zaciekach na malowanej na bia\u0142o stali. 17.02.2018<\/p>\n<\/div>\n","protected":false},"excerpt":{"rendered":"<p>Lisboa Oriente w dzie\u0144 nie robi takiego wra\u017cenia jak noc\u0105. Kolorystyka dworca jest oszcz\u0119dna i neutralna, ale razi troch\u0119 z\u0105b czasu przejawiaj\u0105cy si\u0119 m.in. w rdzawych zaciekach na malowanej na bia\u0142o stali. 17.02.2018<\/p>\n","protected":false},"author":1,"featured_media":2222,"comment_status":"open","ping_status":"","sticky":false,"template":"","format":"standard","meta":{"footnotes":""},"categories":[2,156],"tags":[956,34,1165,179,1166,298,297],"class_list":["post-2221","post","type-post","status-publish","format-standard","has-post-thumbnail","hentry","category-kolej","category-rok-2018","tag-2018-02-17","tag-architektura","tag-cp","tag-hala-peronowa","tag-lisboa-oriente","tag-lizbona","tag-portugalia"],"_links":{"self":[{"href":"https:\/\/wgphoto.pl\/t\/index.php?rest_route=\/wp\/v2\/posts\/2221","targetHints":{"allow":["GET"]}}],"collection":[{"href":"https:\/\/wgphoto.pl\/t\/index.php?rest_route=\/wp\/v2\/posts"}],"about":[{"href":"https:\/\/wgphoto.pl\/t\/index.php?rest_route=\/wp\/v2\/types\/post"}],"author":[{"embeddable":true,"href":"https:\/\/wgphoto.pl\/t\/index.php?rest_route=\/wp\/v2\/users\/1"}],"replies":[{"embeddable":true,"href":"https:\/\/wgphoto.pl\/t\/index.php?rest_route=%2Fwp%2Fv2%2Fcomments&post=2221"}],"version-history":[{"count":1,"href":"https:\/\/wgphoto.pl\/t\/index.php?rest_route=\/wp\/v2\/posts\/2221\/revisions"}],"predecessor-version":[{"id":2223,"href":"https:\/\/wgphoto.pl\/t\/index.php?rest_route=\/wp\/v2\/posts\/2221\/revisions\/2223"}],"wp:featuredmedia":[{"embeddable":true,"href":"https:\/\/wgphoto.pl\/t\/index.php?rest_route=\/wp\/v2\/media\/2222"}],"wp:attachment":[{"href":"https:\/\/wgphoto.pl\/t\/index.php?rest_route=%2Fwp%2Fv2%2Fmedia&parent=2221"}],"wp:term":[{"taxonomy":"category","embeddable":true,"href":"https:\/\/wgphoto.pl\/t\/index.php?rest_route=%2Fwp%2Fv2%2Fcategories&post=2221"},{"taxonomy":"post_tag","embeddable":true,"href":"https:\/\/wgphoto.pl\/t\/index.php?rest_route=%2Fwp%2Fv2%2Ftags&post=2221"}],"curies":[{"name":"wp","href":"https:\/\/api.w.org\/{rel}","templated":true}]}}