{"id":22220,"date":"2025-10-19T20:16:18","date_gmt":"2025-10-19T18:16:18","guid":{"rendered":"https:\/\/wgphoto.pl\/t\/?p=22220"},"modified":"2025-10-19T20:16:18","modified_gmt":"2025-10-19T18:16:18","slug":"niebieska-godzina-jak-niebieskie-jeansy","status":"publish","type":"post","link":"https:\/\/wgphoto.pl\/t\/?p=22220","title":{"rendered":"Niebieska godzina jak niebieskie jeansy"},"content":{"rendered":"\n<figure class=\"wp-block-image aligncenter size-full\"><img loading=\"lazy\" decoding=\"async\" width=\"1400\" height=\"894\" src=\"https:\/\/wgphoto.pl\/t\/wp-content\/uploads\/2025\/10\/2002x-25_rsn.jpg\" alt=\"\" class=\"wp-image-22221\" srcset=\"https:\/\/wgphoto.pl\/t\/wp-content\/uploads\/2025\/10\/2002x-25_rsn.jpg 1400w, https:\/\/wgphoto.pl\/t\/wp-content\/uploads\/2025\/10\/2002x-25_rsn-300x192.jpg 300w, https:\/\/wgphoto.pl\/t\/wp-content\/uploads\/2025\/10\/2002x-25_rsn-768x490.jpg 768w\" sizes=\"auto, (max-width: 1400px) 100vw, 1400px\" \/><\/figure>\n\n\n\n<div class=\"wp-block-group has-global-padding is-layout-constrained wp-block-group-is-layout-constrained\">\n<p>Wroc\u0142aw, p\u0119tla Marino. 105Na 2466+2465 nosi\u0142 w\u00f3wczas reklam\u0119 jeans\u00f3w Big Star. 19.10.2002<\/p>\n<\/div>\n","protected":false},"excerpt":{"rendered":"<p>Wroc\u0142aw, p\u0119tla Marino. 105Na 2466+2465 nosi\u0142 w\u00f3wczas reklam\u0119 jeans\u00f3w Big Star. 19.10.2002<\/p>\n","protected":false},"author":1,"featured_media":22221,"comment_status":"open","ping_status":"","sticky":false,"template":"","format":"standard","meta":{"footnotes":""},"categories":[62,577,3],"tags":[155,4571,91,42,162,27,90,41],"class_list":["post-22220","post","type-post","status-publish","format-standard","has-post-thumbnail","hentry","category-analog","category-rok-2002","category-tramwaj","tag-105na","tag-2002-10-19","tag-blue-hour","tag-mpk-wroclaw","tag-niebo","tag-polska","tag-wieczorem","tag-wroclaw"],"_links":{"self":[{"href":"https:\/\/wgphoto.pl\/t\/index.php?rest_route=\/wp\/v2\/posts\/22220","targetHints":{"allow":["GET"]}}],"collection":[{"href":"https:\/\/wgphoto.pl\/t\/index.php?rest_route=\/wp\/v2\/posts"}],"about":[{"href":"https:\/\/wgphoto.pl\/t\/index.php?rest_route=\/wp\/v2\/types\/post"}],"author":[{"embeddable":true,"href":"https:\/\/wgphoto.pl\/t\/index.php?rest_route=\/wp\/v2\/users\/1"}],"replies":[{"embeddable":true,"href":"https:\/\/wgphoto.pl\/t\/index.php?rest_route=%2Fwp%2Fv2%2Fcomments&post=22220"}],"version-history":[{"count":1,"href":"https:\/\/wgphoto.pl\/t\/index.php?rest_route=\/wp\/v2\/posts\/22220\/revisions"}],"predecessor-version":[{"id":22222,"href":"https:\/\/wgphoto.pl\/t\/index.php?rest_route=\/wp\/v2\/posts\/22220\/revisions\/22222"}],"wp:featuredmedia":[{"embeddable":true,"href":"https:\/\/wgphoto.pl\/t\/index.php?rest_route=\/wp\/v2\/media\/22221"}],"wp:attachment":[{"href":"https:\/\/wgphoto.pl\/t\/index.php?rest_route=%2Fwp%2Fv2%2Fmedia&parent=22220"}],"wp:term":[{"taxonomy":"category","embeddable":true,"href":"https:\/\/wgphoto.pl\/t\/index.php?rest_route=%2Fwp%2Fv2%2Fcategories&post=22220"},{"taxonomy":"post_tag","embeddable":true,"href":"https:\/\/wgphoto.pl\/t\/index.php?rest_route=%2Fwp%2Fv2%2Ftags&post=22220"}],"curies":[{"name":"wp","href":"https:\/\/api.w.org\/{rel}","templated":true}]}}