{"id":22235,"date":"2025-10-26T20:01:29","date_gmt":"2025-10-26T19:01:29","guid":{"rendered":"https:\/\/wgphoto.pl\/t\/?p=22235"},"modified":"2025-10-26T20:01:29","modified_gmt":"2025-10-26T19:01:29","slug":"130-020-usti-nad-orlici","status":"publish","type":"post","link":"https:\/\/wgphoto.pl\/t\/?p=22235","title":{"rendered":"130.020, \u00dast\u00ed nad Orlic\u00ed"},"content":{"rendered":"\n<figure class=\"wp-block-image aligncenter size-full\"><img loading=\"lazy\" decoding=\"async\" width=\"1400\" height=\"875\" src=\"https:\/\/wgphoto.pl\/t\/wp-content\/uploads\/2025\/10\/IMGP8934.jpg\" alt=\"\" class=\"wp-image-22236\" srcset=\"https:\/\/wgphoto.pl\/t\/wp-content\/uploads\/2025\/10\/IMGP8934.jpg 1400w, https:\/\/wgphoto.pl\/t\/wp-content\/uploads\/2025\/10\/IMGP8934-300x188.jpg 300w, https:\/\/wgphoto.pl\/t\/wp-content\/uploads\/2025\/10\/IMGP8934-768x480.jpg 768w\" sizes=\"auto, (max-width: 1400px) 100vw, 1400px\" \/><\/figure>\n\n\n\n<div class=\"wp-block-group has-global-padding is-layout-constrained wp-block-group-is-layout-constrained\">\n<p>Garbata 130.020 na wje\u017adzie do stacji \u00dast\u00ed nad Orlic\u00ed zatrzyma\u0142a si\u0119 na chwil\u0119 pod budynkiem dworca aby odebra\u0107 rozkazy od dy\u017curnego ruchu. Dzi\u015b w miejscu, z kt\u00f3rego powsta\u0142o foto, znajduje si\u0119 nowy peron, zbudowany podczas modernizacji stacji. Zast\u0105pi\u0142 on w\u0105ski peron przy drugim torze od budynku. 21.06.2012<\/p>\n<\/div>\n","protected":false},"excerpt":{"rendered":"<p>Garbata 130.020 na wje\u017adzie do stacji \u00dast\u00ed nad Orlic\u00ed zatrzyma\u0142a si\u0119 na chwil\u0119 pod budynkiem dworca aby odebra\u0107 rozkazy od dy\u017curnego ruchu. Dzi\u015b w miejscu, z kt\u00f3rego powsta\u0142o foto, znajduje si\u0119 nowy peron, zbudowany podczas modernizacji stacji. Zast\u0105pi\u0142 on w\u0105ski peron przy drugim torze od budynku. 21.06.2012<\/p>\n","protected":false},"author":1,"featured_media":22236,"comment_status":"open","ping_status":"","sticky":false,"template":"","format":"standard","meta":{"footnotes":""},"categories":[2,46],"tags":[2541,2788,50,49,313,1375,87],"class_list":["post-22235","post","type-post","status-publish","format-standard","has-post-thumbnail","hentry","category-kolej","category-rok-2012","tag-2541","tag-2012-06-21","tag-cd","tag-czechy","tag-dyzurny","tag-tab-cz010","tag-usti-nad-orlici"],"_links":{"self":[{"href":"https:\/\/wgphoto.pl\/t\/index.php?rest_route=\/wp\/v2\/posts\/22235","targetHints":{"allow":["GET"]}}],"collection":[{"href":"https:\/\/wgphoto.pl\/t\/index.php?rest_route=\/wp\/v2\/posts"}],"about":[{"href":"https:\/\/wgphoto.pl\/t\/index.php?rest_route=\/wp\/v2\/types\/post"}],"author":[{"embeddable":true,"href":"https:\/\/wgphoto.pl\/t\/index.php?rest_route=\/wp\/v2\/users\/1"}],"replies":[{"embeddable":true,"href":"https:\/\/wgphoto.pl\/t\/index.php?rest_route=%2Fwp%2Fv2%2Fcomments&post=22235"}],"version-history":[{"count":1,"href":"https:\/\/wgphoto.pl\/t\/index.php?rest_route=\/wp\/v2\/posts\/22235\/revisions"}],"predecessor-version":[{"id":22237,"href":"https:\/\/wgphoto.pl\/t\/index.php?rest_route=\/wp\/v2\/posts\/22235\/revisions\/22237"}],"wp:featuredmedia":[{"embeddable":true,"href":"https:\/\/wgphoto.pl\/t\/index.php?rest_route=\/wp\/v2\/media\/22236"}],"wp:attachment":[{"href":"https:\/\/wgphoto.pl\/t\/index.php?rest_route=%2Fwp%2Fv2%2Fmedia&parent=22235"}],"wp:term":[{"taxonomy":"category","embeddable":true,"href":"https:\/\/wgphoto.pl\/t\/index.php?rest_route=%2Fwp%2Fv2%2Fcategories&post=22235"},{"taxonomy":"post_tag","embeddable":true,"href":"https:\/\/wgphoto.pl\/t\/index.php?rest_route=%2Fwp%2Fv2%2Ftags&post=22235"}],"curies":[{"name":"wp","href":"https:\/\/api.w.org\/{rel}","templated":true}]}}