{"id":22241,"date":"2025-10-26T20:03:18","date_gmt":"2025-10-26T19:03:18","guid":{"rendered":"https:\/\/wgphoto.pl\/t\/?p=22241"},"modified":"2025-10-26T20:03:18","modified_gmt":"2025-10-26T19:03:18","slug":"tunele-w-pianoro","status":"publish","type":"post","link":"https:\/\/wgphoto.pl\/t\/?p=22241","title":{"rendered":"Tunele w Pianoro"},"content":{"rendered":"\n<figure class=\"wp-block-image aligncenter size-full\"><img loading=\"lazy\" decoding=\"async\" width=\"1400\" height=\"933\" src=\"https:\/\/wgphoto.pl\/t\/wp-content\/uploads\/2025\/10\/DSFN1718.jpg\" alt=\"\" class=\"wp-image-22242\" srcset=\"https:\/\/wgphoto.pl\/t\/wp-content\/uploads\/2025\/10\/DSFN1718.jpg 1400w, https:\/\/wgphoto.pl\/t\/wp-content\/uploads\/2025\/10\/DSFN1718-300x200.jpg 300w, https:\/\/wgphoto.pl\/t\/wp-content\/uploads\/2025\/10\/DSFN1718-768x512.jpg 768w\" sizes=\"auto, (max-width: 1400px) 100vw, 1400px\" \/><\/figure>\n\n\n\n<div class=\"wp-block-group has-global-padding is-layout-constrained wp-block-group-is-layout-constrained\">\n<p>ETR104-034 jako Regionale 17752 do Porretta Terme odje\u017cd\u017ca ze stacji pocz\u0105tkowej. Przyjecha\u0142em aby sfotografowa\u0107 w tym kadrze d\u0142ugirgo towara wyje\u017cd\u017caj\u0105cego z podw\u00f3jnego tunelu, ale z powodu wspomnianych ju\u017c pod innym zdj\u0119ciem prac ca\u0142y tranzyt wstrzymano. Pozosta\u0142o mi si\u0119 zadowoli\u0107 Alstomem a i tak mia\u0142em sporo szcz\u0119\u015bcia, \u017ce poci\u0105g wjecha\u0142 wyj\u0105tkowo pod budynek stacyjny (na pierwszy tor), co umo\u017cliwi\u0142o mi wykonanie zaplanowanego kadru, planowo bowiem ko\u0144cz\u0105ce tu bieg sk\u0142ady wje\u017cd\u017caj\u0105 na tor czwarty &#8211; i tak te\u017c uczyni\u0142 kolejny poci\u0105g. Pianoro, 04.10.2025<\/p>\n<\/div>\n","protected":false},"excerpt":{"rendered":"<p>ETR104-034 jako Regionale 17752 do Porretta Terme odje\u017cd\u017ca ze stacji pocz\u0105tkowej. Przyjecha\u0142em aby sfotografowa\u0107 w tym kadrze d\u0142ugirgo towara wyje\u017cd\u017caj\u0105cego z podw\u00f3jnego tunelu, ale z powodu wspomnianych ju\u017c pod innym zdj\u0119ciem prac ca\u0142y tranzyt wstrzymano. Pozosta\u0142o mi si\u0119 zadowoli\u0107 Alstomem a i tak mia\u0142em sporo szcz\u0119\u015bcia, \u017ce poci\u0105g wjecha\u0142 wyj\u0105tkowo pod budynek stacyjny (na pierwszy [&hellip;]<\/p>\n","protected":false},"author":1,"featured_media":22242,"comment_status":"open","ping_status":"","sticky":false,"template":"","format":"standard","meta":{"footnotes":""},"categories":[2,3208],"tags":[4553,4473,112,173,4574,4559,15,110],"class_list":["post-22241","post","type-post","status-publish","format-standard","has-post-thumbnail","hentry","category-kolej","category-rok-2025","tag-2025-10-04","tag-alstom-coradia-stream","tag-fs","tag-koncowki","tag-pianoro","tag-toskania-2025","tag-tunel","tag-wlochy"],"_links":{"self":[{"href":"https:\/\/wgphoto.pl\/t\/index.php?rest_route=\/wp\/v2\/posts\/22241","targetHints":{"allow":["GET"]}}],"collection":[{"href":"https:\/\/wgphoto.pl\/t\/index.php?rest_route=\/wp\/v2\/posts"}],"about":[{"href":"https:\/\/wgphoto.pl\/t\/index.php?rest_route=\/wp\/v2\/types\/post"}],"author":[{"embeddable":true,"href":"https:\/\/wgphoto.pl\/t\/index.php?rest_route=\/wp\/v2\/users\/1"}],"replies":[{"embeddable":true,"href":"https:\/\/wgphoto.pl\/t\/index.php?rest_route=%2Fwp%2Fv2%2Fcomments&post=22241"}],"version-history":[{"count":1,"href":"https:\/\/wgphoto.pl\/t\/index.php?rest_route=\/wp\/v2\/posts\/22241\/revisions"}],"predecessor-version":[{"id":22243,"href":"https:\/\/wgphoto.pl\/t\/index.php?rest_route=\/wp\/v2\/posts\/22241\/revisions\/22243"}],"wp:featuredmedia":[{"embeddable":true,"href":"https:\/\/wgphoto.pl\/t\/index.php?rest_route=\/wp\/v2\/media\/22242"}],"wp:attachment":[{"href":"https:\/\/wgphoto.pl\/t\/index.php?rest_route=%2Fwp%2Fv2%2Fmedia&parent=22241"}],"wp:term":[{"taxonomy":"category","embeddable":true,"href":"https:\/\/wgphoto.pl\/t\/index.php?rest_route=%2Fwp%2Fv2%2Fcategories&post=22241"},{"taxonomy":"post_tag","embeddable":true,"href":"https:\/\/wgphoto.pl\/t\/index.php?rest_route=%2Fwp%2Fv2%2Ftags&post=22241"}],"curies":[{"name":"wp","href":"https:\/\/api.w.org\/{rel}","templated":true}]}}