{"id":22247,"date":"2025-10-26T20:05:08","date_gmt":"2025-10-26T19:05:08","guid":{"rendered":"https:\/\/wgphoto.pl\/t\/?p=22247"},"modified":"2025-10-26T20:05:08","modified_gmt":"2025-10-26T19:05:08","slug":"cwicz-refleks","status":"publish","type":"post","link":"https:\/\/wgphoto.pl\/t\/?p=22247","title":{"rendered":"\u0106wicz refleks"},"content":{"rendered":"\n<figure class=\"wp-block-image aligncenter size-full\"><img loading=\"lazy\" decoding=\"async\" width=\"1399\" height=\"933\" src=\"https:\/\/wgphoto.pl\/t\/wp-content\/uploads\/2025\/10\/DSCF1265.jpg\" alt=\"\" class=\"wp-image-22248\" srcset=\"https:\/\/wgphoto.pl\/t\/wp-content\/uploads\/2025\/10\/DSCF1265.jpg 1399w, https:\/\/wgphoto.pl\/t\/wp-content\/uploads\/2025\/10\/DSCF1265-300x200.jpg 300w, https:\/\/wgphoto.pl\/t\/wp-content\/uploads\/2025\/10\/DSCF1265-768x512.jpg 768w\" sizes=\"auto, (max-width: 1399px) 100vw, 1399px\" \/><\/figure>\n\n\n\n<div class=\"wp-block-group has-global-padding is-layout-constrained wp-block-group-is-layout-constrained\">\n<p>SU45-079 z poci\u0105giem specjalnym z Wroc\u0142awia, zorganizowanym przez KSK, ko\u0144czy bieg na stacji docelowej. My\u015bla\u0142em, \u017ce lokomotywa troch\u0119 lu\u017aniej wpasuje si\u0119 mi\u0119dzy semafory. G\u0142ucho\u0142azy, 30.08.2025<\/p>\n<\/div>\n","protected":false},"excerpt":{"rendered":"<p>SU45-079 z poci\u0105giem specjalnym z Wroc\u0142awia, zorganizowanym przez KSK, ko\u0144czy bieg na stacji docelowej. My\u015bla\u0142em, \u017ce lokomotywa troch\u0119 lu\u017aniej wpasuje si\u0119 mi\u0119dzy semafory. G\u0142ucho\u0142azy, 30.08.2025<\/p>\n","protected":false},"author":1,"featured_media":22248,"comment_status":"open","ping_status":"","sticky":false,"template":"","format":"standard","meta":{"footnotes":""},"categories":[2,3208],"tags":[4491,165,201,27,139,202,290,53,166],"class_list":["post-22247","post","type-post","status-publish","format-standard","has-post-thumbnail","hentry","category-kolej","category-rok-2025","tag-2025-08-30","tag-glucholazy","tag-ksk","tag-polska","tag-retro","tag-specjalny","tag-su45","tag-sygnalizacja-ksztaltowa","tag-tab-pl203"],"_links":{"self":[{"href":"https:\/\/wgphoto.pl\/t\/index.php?rest_route=\/wp\/v2\/posts\/22247","targetHints":{"allow":["GET"]}}],"collection":[{"href":"https:\/\/wgphoto.pl\/t\/index.php?rest_route=\/wp\/v2\/posts"}],"about":[{"href":"https:\/\/wgphoto.pl\/t\/index.php?rest_route=\/wp\/v2\/types\/post"}],"author":[{"embeddable":true,"href":"https:\/\/wgphoto.pl\/t\/index.php?rest_route=\/wp\/v2\/users\/1"}],"replies":[{"embeddable":true,"href":"https:\/\/wgphoto.pl\/t\/index.php?rest_route=%2Fwp%2Fv2%2Fcomments&post=22247"}],"version-history":[{"count":1,"href":"https:\/\/wgphoto.pl\/t\/index.php?rest_route=\/wp\/v2\/posts\/22247\/revisions"}],"predecessor-version":[{"id":22249,"href":"https:\/\/wgphoto.pl\/t\/index.php?rest_route=\/wp\/v2\/posts\/22247\/revisions\/22249"}],"wp:featuredmedia":[{"embeddable":true,"href":"https:\/\/wgphoto.pl\/t\/index.php?rest_route=\/wp\/v2\/media\/22248"}],"wp:attachment":[{"href":"https:\/\/wgphoto.pl\/t\/index.php?rest_route=%2Fwp%2Fv2%2Fmedia&parent=22247"}],"wp:term":[{"taxonomy":"category","embeddable":true,"href":"https:\/\/wgphoto.pl\/t\/index.php?rest_route=%2Fwp%2Fv2%2Fcategories&post=22247"},{"taxonomy":"post_tag","embeddable":true,"href":"https:\/\/wgphoto.pl\/t\/index.php?rest_route=%2Fwp%2Fv2%2Ftags&post=22247"}],"curies":[{"name":"wp","href":"https:\/\/api.w.org\/{rel}","templated":true}]}}