{"id":22253,"date":"2025-10-26T20:06:48","date_gmt":"2025-10-26T19:06:48","guid":{"rendered":"https:\/\/wgphoto.pl\/t\/?p=22253"},"modified":"2025-10-26T20:06:48","modified_gmt":"2025-10-26T19:06:48","slug":"102na-2017-3","status":"publish","type":"post","link":"https:\/\/wgphoto.pl\/t\/?p=22253","title":{"rendered":"102Na 2017"},"content":{"rendered":"\n<figure class=\"wp-block-image aligncenter size-full\"><img loading=\"lazy\" decoding=\"async\" width=\"850\" height=\"1063\" src=\"https:\/\/wgphoto.pl\/t\/wp-content\/uploads\/2025\/10\/0336-21_rsn.jpg\" alt=\"\" class=\"wp-image-22254\" srcset=\"https:\/\/wgphoto.pl\/t\/wp-content\/uploads\/2025\/10\/0336-21_rsn.jpg 850w, https:\/\/wgphoto.pl\/t\/wp-content\/uploads\/2025\/10\/0336-21_rsn-240x300.jpg 240w, https:\/\/wgphoto.pl\/t\/wp-content\/uploads\/2025\/10\/0336-21_rsn-768x960.jpg 768w\" sizes=\"auto, (max-width: 850px) 100vw, 850px\" \/><\/figure>\n\n\n\n<div class=\"wp-block-group has-global-padding is-layout-constrained wp-block-group-is-layout-constrained\">\n<p>Wroc\u0142aw, ul. Wr\u00f3blewskiego. 102Na 2017 w \u0107wiartkowej reklamie, jako jedyny tego dnia przegub na linii 16 (pozosta\u0142e brygady obstawione by\u0142y sol\u00f3wkami z D\u0105bia) mija niewidoczn\u0105 w kadrze Hal\u0119 Ludow\u0105. 25.10.2003<\/p>\n<\/div>\n","protected":false},"excerpt":{"rendered":"<p>Wroc\u0142aw, ul. Wr\u00f3blewskiego. 102Na 2017 w \u0107wiartkowej reklamie, jako jedyny tego dnia przegub na linii 16 (pozosta\u0142e brygady obstawione by\u0142y sol\u00f3wkami z D\u0105bia) mija niewidoczn\u0105 w kadrze Hal\u0119 Ludow\u0105. 25.10.2003<\/p>\n","protected":false},"author":1,"featured_media":22254,"comment_status":"open","ping_status":"","sticky":false,"template":"","format":"standard","meta":{"footnotes":""},"categories":[62,128,149,3],"tags":[4575,309,42,27,41],"class_list":["post-22253","post","type-post","status-publish","format-standard","has-post-thumbnail","hentry","category-analog","category-pionowe","category-rok-2003","category-tramwaj","tag-2003-10-25","tag-konstal-102na","tag-mpk-wroclaw","tag-polska","tag-wroclaw"],"_links":{"self":[{"href":"https:\/\/wgphoto.pl\/t\/index.php?rest_route=\/wp\/v2\/posts\/22253","targetHints":{"allow":["GET"]}}],"collection":[{"href":"https:\/\/wgphoto.pl\/t\/index.php?rest_route=\/wp\/v2\/posts"}],"about":[{"href":"https:\/\/wgphoto.pl\/t\/index.php?rest_route=\/wp\/v2\/types\/post"}],"author":[{"embeddable":true,"href":"https:\/\/wgphoto.pl\/t\/index.php?rest_route=\/wp\/v2\/users\/1"}],"replies":[{"embeddable":true,"href":"https:\/\/wgphoto.pl\/t\/index.php?rest_route=%2Fwp%2Fv2%2Fcomments&post=22253"}],"version-history":[{"count":1,"href":"https:\/\/wgphoto.pl\/t\/index.php?rest_route=\/wp\/v2\/posts\/22253\/revisions"}],"predecessor-version":[{"id":22255,"href":"https:\/\/wgphoto.pl\/t\/index.php?rest_route=\/wp\/v2\/posts\/22253\/revisions\/22255"}],"wp:featuredmedia":[{"embeddable":true,"href":"https:\/\/wgphoto.pl\/t\/index.php?rest_route=\/wp\/v2\/media\/22254"}],"wp:attachment":[{"href":"https:\/\/wgphoto.pl\/t\/index.php?rest_route=%2Fwp%2Fv2%2Fmedia&parent=22253"}],"wp:term":[{"taxonomy":"category","embeddable":true,"href":"https:\/\/wgphoto.pl\/t\/index.php?rest_route=%2Fwp%2Fv2%2Fcategories&post=22253"},{"taxonomy":"post_tag","embeddable":true,"href":"https:\/\/wgphoto.pl\/t\/index.php?rest_route=%2Fwp%2Fv2%2Ftags&post=22253"}],"curies":[{"name":"wp","href":"https:\/\/api.w.org\/{rel}","templated":true}]}}