{"id":22262,"date":"2025-10-26T20:09:06","date_gmt":"2025-10-26T19:09:06","guid":{"rendered":"https:\/\/wgphoto.pl\/t\/?p=22262"},"modified":"2026-01-10T19:03:14","modified_gmt":"2026-01-10T18:03:14","slug":"przyjazd-z-austrii","status":"publish","type":"post","link":"https:\/\/wgphoto.pl\/t\/?p=22262","title":{"rendered":"Przyjazd z Austrii"},"content":{"rendered":"\n<figure class=\"wp-block-image aligncenter size-full\"><img loading=\"lazy\" decoding=\"async\" width=\"1400\" height=\"933\" src=\"https:\/\/wgphoto.pl\/t\/wp-content\/uploads\/2025\/10\/DSCF0548.jpg\" alt=\"\" class=\"wp-image-22263\" srcset=\"https:\/\/wgphoto.pl\/t\/wp-content\/uploads\/2025\/10\/DSCF0548.jpg 1400w, https:\/\/wgphoto.pl\/t\/wp-content\/uploads\/2025\/10\/DSCF0548-300x200.jpg 300w, https:\/\/wgphoto.pl\/t\/wp-content\/uploads\/2025\/10\/DSCF0548-768x512.jpg 768w\" sizes=\"auto, (max-width: 1400px) 100vw, 1400px\" \/><\/figure>\n\n\n\n<div class=\"wp-block-group has-global-padding is-layout-constrained wp-block-group-is-layout-constrained\">\n<p>Jednostka 4024.057 jako S-bahn linii S3 z Innsbrucku Hbf sko\u0144czy\u0142a bieg w Brennero-Brenner (cho\u0107 Austriacy, wedle tablicy kierunkowej, uwa\u017caj\u0105 odwrotnie). Chocia\u017c perony na tej stacji s\u0105 bardzo d\u0142ugie, zdolne zapewne przyjmowa\u0107 wielowagonowe poci\u0105gi mi\u0119dzynarodowe, regionalne osob\u00f3wki od strony austriackiej wje\u017cd\u017caj\u0105 na sw\u00f3j \u015blepy tor. Nad zielon\u0105 plandek\u0105 po prawej wida\u0107 tablic\u0119 z flagami obu granicz\u0105cych pa\u0144stw &#8211; to miejsce przebiegu granicy, kt\u00f3ra nast\u0119pnie wykr\u0119ca o 90 stopni i przebiega \u015brodkiem r\u00f3wni stacyjnej w kierunku Austrii, mniej wi\u0119cej od ko\u0144ca peron\u00f3w. Semafory widoczne w tle le\u017c\u0105 ju\u017c zatem w Austrii, ale ca\u0142a infrastruktura stacji jest w &#8222;typie w\u0142oskim&#8221;. 21.07.2025<\/p>\n<\/div>\n","protected":false},"excerpt":{"rendered":"<p>Jednostka 4024.057 jako S-bahn linii S3 z Innsbrucku Hbf sko\u0144czy\u0142a bieg w Brennero-Brenner (cho\u0107 Austriacy, wedle tablicy kierunkowej, uwa\u017caj\u0105 odwrotnie). Chocia\u017c perony na tej stacji s\u0105 bardzo d\u0142ugie, zdolne zapewne przyjmowa\u0107 wielowagonowe poci\u0105gi mi\u0119dzynarodowe, regionalne osob\u00f3wki od strony austriackiej wje\u017cd\u017caj\u0105 na sw\u00f3j \u015blepy tor. Nad zielon\u0105 plandek\u0105 po prawej wida\u0107 tablic\u0119 z flagami obu granicz\u0105cych [&hellip;]<\/p>\n","protected":false},"author":1,"featured_media":22263,"comment_status":"open","ping_status":"","sticky":false,"template":"","format":"standard","meta":{"footnotes":""},"categories":[2,3208],"tags":[4478,1824,1823,4461,4576,114,249,11,4458,110],"class_list":["post-22262","post","type-post","status-publish","format-standard","has-post-thumbnail","hentry","category-kolej","category-rok-2025","tag-2025-07-21","tag-1824","tag-bombardier-talent","tag-brennerbahn","tag-brennero-brenner","tag-gory","tag-goscinne-wystepy","tag-obb","tag-wakacje-2025","tag-wlochy"],"_links":{"self":[{"href":"https:\/\/wgphoto.pl\/t\/index.php?rest_route=\/wp\/v2\/posts\/22262","targetHints":{"allow":["GET"]}}],"collection":[{"href":"https:\/\/wgphoto.pl\/t\/index.php?rest_route=\/wp\/v2\/posts"}],"about":[{"href":"https:\/\/wgphoto.pl\/t\/index.php?rest_route=\/wp\/v2\/types\/post"}],"author":[{"embeddable":true,"href":"https:\/\/wgphoto.pl\/t\/index.php?rest_route=\/wp\/v2\/users\/1"}],"replies":[{"embeddable":true,"href":"https:\/\/wgphoto.pl\/t\/index.php?rest_route=%2Fwp%2Fv2%2Fcomments&post=22262"}],"version-history":[{"count":2,"href":"https:\/\/wgphoto.pl\/t\/index.php?rest_route=\/wp\/v2\/posts\/22262\/revisions"}],"predecessor-version":[{"id":22609,"href":"https:\/\/wgphoto.pl\/t\/index.php?rest_route=\/wp\/v2\/posts\/22262\/revisions\/22609"}],"wp:featuredmedia":[{"embeddable":true,"href":"https:\/\/wgphoto.pl\/t\/index.php?rest_route=\/wp\/v2\/media\/22263"}],"wp:attachment":[{"href":"https:\/\/wgphoto.pl\/t\/index.php?rest_route=%2Fwp%2Fv2%2Fmedia&parent=22262"}],"wp:term":[{"taxonomy":"category","embeddable":true,"href":"https:\/\/wgphoto.pl\/t\/index.php?rest_route=%2Fwp%2Fv2%2Fcategories&post=22262"},{"taxonomy":"post_tag","embeddable":true,"href":"https:\/\/wgphoto.pl\/t\/index.php?rest_route=%2Fwp%2Fv2%2Ftags&post=22262"}],"curies":[{"name":"wp","href":"https:\/\/api.w.org\/{rel}","templated":true}]}}