{"id":22285,"date":"2025-11-02T12:20:35","date_gmt":"2025-11-02T11:20:35","guid":{"rendered":"https:\/\/wgphoto.pl\/t\/?p=22285"},"modified":"2025-11-02T12:20:35","modified_gmt":"2025-11-02T11:20:35","slug":"jest-klimat-3","status":"publish","type":"post","link":"https:\/\/wgphoto.pl\/t\/?p=22285","title":{"rendered":"Jest klimat"},"content":{"rendered":"\n<figure class=\"wp-block-image aligncenter size-full\"><img loading=\"lazy\" decoding=\"async\" width=\"800\" height=\"1115\" src=\"https:\/\/wgphoto.pl\/t\/wp-content\/uploads\/2025\/11\/0429-22_rsn.jpg\" alt=\"\" class=\"wp-image-22286\" srcset=\"https:\/\/wgphoto.pl\/t\/wp-content\/uploads\/2025\/11\/0429-22_rsn.jpg 800w, https:\/\/wgphoto.pl\/t\/wp-content\/uploads\/2025\/11\/0429-22_rsn-215x300.jpg 215w, https:\/\/wgphoto.pl\/t\/wp-content\/uploads\/2025\/11\/0429-22_rsn-768x1070.jpg 768w\" sizes=\"auto, (max-width: 800px) 100vw, 800px\" \/><\/figure>\n\n\n\n<div class=\"wp-block-group has-global-padding is-layout-constrained wp-block-group-is-layout-constrained\">\n<p>Wroc\u0142aw, ul. Henryka Sienkiewicza. 102Na 2034 na kursie wyjazdowym z zajezdni Borek na S\u0119polno (linia kursowa\u0142a przez ul. Nowowiejsk\u0105) zatrzymuje si\u0119 na przystanku przy ul. Piastowskiej. 01.11.2004<\/p>\n<\/div>\n","protected":false},"excerpt":{"rendered":"<p>Wroc\u0142aw, ul. Henryka Sienkiewicza. 102Na 2034 na kursie wyjazdowym z zajezdni Borek na S\u0119polno (linia kursowa\u0142a przez ul. Nowowiejsk\u0105) zatrzymuje si\u0119 na przystanku przy ul. Piastowskiej. 01.11.2004<\/p>\n","protected":false},"author":1,"featured_media":22286,"comment_status":"open","ping_status":"","sticky":false,"template":"","format":"standard","meta":{"footnotes":""},"categories":[62,128,61,3],"tags":[2626,418,309,42,27,41,127],"class_list":["post-22285","post","type-post","status-publish","format-standard","has-post-thumbnail","hentry","category-analog","category-pionowe","category-rok-2004","category-tramwaj","tag-2004-11-01","tag-auto","tag-konstal-102na","tag-mpk-wroclaw","tag-polska","tag-wroclaw","tag-wroclawskie-e"],"_links":{"self":[{"href":"https:\/\/wgphoto.pl\/t\/index.php?rest_route=\/wp\/v2\/posts\/22285","targetHints":{"allow":["GET"]}}],"collection":[{"href":"https:\/\/wgphoto.pl\/t\/index.php?rest_route=\/wp\/v2\/posts"}],"about":[{"href":"https:\/\/wgphoto.pl\/t\/index.php?rest_route=\/wp\/v2\/types\/post"}],"author":[{"embeddable":true,"href":"https:\/\/wgphoto.pl\/t\/index.php?rest_route=\/wp\/v2\/users\/1"}],"replies":[{"embeddable":true,"href":"https:\/\/wgphoto.pl\/t\/index.php?rest_route=%2Fwp%2Fv2%2Fcomments&post=22285"}],"version-history":[{"count":1,"href":"https:\/\/wgphoto.pl\/t\/index.php?rest_route=\/wp\/v2\/posts\/22285\/revisions"}],"predecessor-version":[{"id":22287,"href":"https:\/\/wgphoto.pl\/t\/index.php?rest_route=\/wp\/v2\/posts\/22285\/revisions\/22287"}],"wp:featuredmedia":[{"embeddable":true,"href":"https:\/\/wgphoto.pl\/t\/index.php?rest_route=\/wp\/v2\/media\/22286"}],"wp:attachment":[{"href":"https:\/\/wgphoto.pl\/t\/index.php?rest_route=%2Fwp%2Fv2%2Fmedia&parent=22285"}],"wp:term":[{"taxonomy":"category","embeddable":true,"href":"https:\/\/wgphoto.pl\/t\/index.php?rest_route=%2Fwp%2Fv2%2Fcategories&post=22285"},{"taxonomy":"post_tag","embeddable":true,"href":"https:\/\/wgphoto.pl\/t\/index.php?rest_route=%2Fwp%2Fv2%2Ftags&post=22285"}],"curies":[{"name":"wp","href":"https:\/\/api.w.org\/{rel}","templated":true}]}}