{"id":22288,"date":"2025-11-02T12:21:25","date_gmt":"2025-11-02T11:21:25","guid":{"rendered":"https:\/\/wgphoto.pl\/t\/?p=22288"},"modified":"2025-11-02T12:21:25","modified_gmt":"2025-11-02T11:21:25","slug":"wszystkie-tory-prowadza-na-osobowice","status":"publish","type":"post","link":"https:\/\/wgphoto.pl\/t\/?p=22288","title":{"rendered":"Wszystkie tory prowadz\u0105 na Osobowice"},"content":{"rendered":"\n<figure class=\"wp-block-image aligncenter size-full\"><img loading=\"lazy\" decoding=\"async\" width=\"1400\" height=\"933\" src=\"https:\/\/wgphoto.pl\/t\/wp-content\/uploads\/2025\/11\/DSFN1897.jpg\" alt=\"\" class=\"wp-image-22289\" srcset=\"https:\/\/wgphoto.pl\/t\/wp-content\/uploads\/2025\/11\/DSFN1897.jpg 1400w, https:\/\/wgphoto.pl\/t\/wp-content\/uploads\/2025\/11\/DSFN1897-300x200.jpg 300w, https:\/\/wgphoto.pl\/t\/wp-content\/uploads\/2025\/11\/DSFN1897-768x512.jpg 768w\" sizes=\"auto, (max-width: 1400px) 100vw, 1400px\" \/><\/figure>\n\n\n\n<div class=\"wp-block-group has-global-padding is-layout-constrained wp-block-group-is-layout-constrained\">\n<p>Wroc\u0142aw, ul. Adama Mickiewicza. Gamma 3311 obs\u0142uguje lini\u0119 E3 z S\u0119polna na Osobowice, kt\u00f3rej ide\u0105 jest po\u0142\u0105czenie cmentarzy na S\u0119polnie, ul. Bujwida i Osobowickiej. Od kilku lat zestaw linii E1, E3, E6, E8 i E9 kursuje w zakresie rozszerzonym o &#8222;weekend przed&#8221; oraz 2 listopada co 20 minut &#8211; z zainteresowaniem pasa\u017cer\u00f3w zale\u017cnym m.in. od pogody. 26.10.2025<\/p>\n<\/div>\n","protected":false},"excerpt":{"rendered":"<p>Wroc\u0142aw, ul. Adama Mickiewicza. Gamma 3311 obs\u0142uguje lini\u0119 E3 z S\u0119polna na Osobowice, kt\u00f3rej ide\u0105 jest po\u0142\u0105czenie cmentarzy na S\u0119polnie, ul. Bujwida i Osobowickiej. Od kilku lat zestaw linii E1, E3, E6, E8 i E9 kursuje w zakresie rozszerzonym o &#8222;weekend przed&#8221; oraz 2 listopada co 20 minut &#8211; z zainteresowaniem pasa\u017cer\u00f3w zale\u017cnym m.in. od [&hellip;]<\/p>\n","protected":false},"author":1,"featured_media":22289,"comment_status":"open","ping_status":"","sticky":false,"template":"","format":"standard","meta":{"footnotes":""},"categories":[3208,3],"tags":[4580,126,240,42,27,41,127],"class_list":["post-22288","post","type-post","status-publish","format-standard","has-post-thumbnail","hentry","category-rok-2025","category-tramwaj","tag-2025-10-26","tag-jesien","tag-moderus-gamma","tag-mpk-wroclaw","tag-polska","tag-wroclaw","tag-wroclawskie-e"],"_links":{"self":[{"href":"https:\/\/wgphoto.pl\/t\/index.php?rest_route=\/wp\/v2\/posts\/22288","targetHints":{"allow":["GET"]}}],"collection":[{"href":"https:\/\/wgphoto.pl\/t\/index.php?rest_route=\/wp\/v2\/posts"}],"about":[{"href":"https:\/\/wgphoto.pl\/t\/index.php?rest_route=\/wp\/v2\/types\/post"}],"author":[{"embeddable":true,"href":"https:\/\/wgphoto.pl\/t\/index.php?rest_route=\/wp\/v2\/users\/1"}],"replies":[{"embeddable":true,"href":"https:\/\/wgphoto.pl\/t\/index.php?rest_route=%2Fwp%2Fv2%2Fcomments&post=22288"}],"version-history":[{"count":1,"href":"https:\/\/wgphoto.pl\/t\/index.php?rest_route=\/wp\/v2\/posts\/22288\/revisions"}],"predecessor-version":[{"id":22290,"href":"https:\/\/wgphoto.pl\/t\/index.php?rest_route=\/wp\/v2\/posts\/22288\/revisions\/22290"}],"wp:featuredmedia":[{"embeddable":true,"href":"https:\/\/wgphoto.pl\/t\/index.php?rest_route=\/wp\/v2\/media\/22289"}],"wp:attachment":[{"href":"https:\/\/wgphoto.pl\/t\/index.php?rest_route=%2Fwp%2Fv2%2Fmedia&parent=22288"}],"wp:term":[{"taxonomy":"category","embeddable":true,"href":"https:\/\/wgphoto.pl\/t\/index.php?rest_route=%2Fwp%2Fv2%2Fcategories&post=22288"},{"taxonomy":"post_tag","embeddable":true,"href":"https:\/\/wgphoto.pl\/t\/index.php?rest_route=%2Fwp%2Fv2%2Ftags&post=22288"}],"curies":[{"name":"wp","href":"https:\/\/api.w.org\/{rel}","templated":true}]}}