{"id":22294,"date":"2025-11-02T12:23:41","date_gmt":"2025-11-02T11:23:41","guid":{"rendered":"https:\/\/wgphoto.pl\/t\/?p=22294"},"modified":"2025-11-02T12:23:41","modified_gmt":"2025-11-02T11:23:41","slug":"chateau-blanc","status":"publish","type":"post","link":"https:\/\/wgphoto.pl\/t\/?p=22294","title":{"rendered":"Ch\u00e2teau Blanc"},"content":{"rendered":"\n<figure class=\"wp-block-image aligncenter size-full\"><img loading=\"lazy\" decoding=\"async\" width=\"1400\" height=\"927\" src=\"https:\/\/wgphoto.pl\/t\/wp-content\/uploads\/2025\/11\/IMGP0821.jpg\" alt=\"\" class=\"wp-image-22295\" srcset=\"https:\/\/wgphoto.pl\/t\/wp-content\/uploads\/2025\/11\/IMGP0821.jpg 1400w, https:\/\/wgphoto.pl\/t\/wp-content\/uploads\/2025\/11\/IMGP0821-300x199.jpg 300w, https:\/\/wgphoto.pl\/t\/wp-content\/uploads\/2025\/11\/IMGP0821-768x509.jpg 768w\" sizes=\"auto, (max-width: 1400px) 100vw, 1400px\" \/><\/figure>\n\n\n\n<div class=\"wp-block-group has-global-padding is-layout-constrained wp-block-group-is-layout-constrained\">\n<p>Aubagne, Avenue de la Paix. Kr\u00f3tki Citadis hamuje do pierwszego przystanku (o tytu\u0142owej nazwie) na swojej kr\u00f3ciutkiej trasie. 17.02.2025<\/p>\n<\/div>\n","protected":false},"excerpt":{"rendered":"<p>Aubagne, Avenue de la Paix. Kr\u00f3tki Citadis hamuje do pierwszego przystanku (o tytu\u0142owej nazwie) na swojej kr\u00f3ciutkiej trasie. 17.02.2025<\/p>\n","protected":false},"author":1,"featured_media":22295,"comment_status":"open","ping_status":"","sticky":false,"template":"","format":"standard","meta":{"footnotes":""},"categories":[3208,3],"tags":[3383,3590,3384,3591,415,173],"class_list":["post-22294","post","type-post","status-publish","format-standard","has-post-thumbnail","hentry","category-rok-2025","category-tramwaj","tag-2025-02-17","tag-alstom-citadis-compact","tag-aubagne","tag-cote-bleue-2025","tag-francja","tag-koncowki"],"_links":{"self":[{"href":"https:\/\/wgphoto.pl\/t\/index.php?rest_route=\/wp\/v2\/posts\/22294","targetHints":{"allow":["GET"]}}],"collection":[{"href":"https:\/\/wgphoto.pl\/t\/index.php?rest_route=\/wp\/v2\/posts"}],"about":[{"href":"https:\/\/wgphoto.pl\/t\/index.php?rest_route=\/wp\/v2\/types\/post"}],"author":[{"embeddable":true,"href":"https:\/\/wgphoto.pl\/t\/index.php?rest_route=\/wp\/v2\/users\/1"}],"replies":[{"embeddable":true,"href":"https:\/\/wgphoto.pl\/t\/index.php?rest_route=%2Fwp%2Fv2%2Fcomments&post=22294"}],"version-history":[{"count":1,"href":"https:\/\/wgphoto.pl\/t\/index.php?rest_route=\/wp\/v2\/posts\/22294\/revisions"}],"predecessor-version":[{"id":22296,"href":"https:\/\/wgphoto.pl\/t\/index.php?rest_route=\/wp\/v2\/posts\/22294\/revisions\/22296"}],"wp:featuredmedia":[{"embeddable":true,"href":"https:\/\/wgphoto.pl\/t\/index.php?rest_route=\/wp\/v2\/media\/22295"}],"wp:attachment":[{"href":"https:\/\/wgphoto.pl\/t\/index.php?rest_route=%2Fwp%2Fv2%2Fmedia&parent=22294"}],"wp:term":[{"taxonomy":"category","embeddable":true,"href":"https:\/\/wgphoto.pl\/t\/index.php?rest_route=%2Fwp%2Fv2%2Fcategories&post=22294"},{"taxonomy":"post_tag","embeddable":true,"href":"https:\/\/wgphoto.pl\/t\/index.php?rest_route=%2Fwp%2Fv2%2Ftags&post=22294"}],"curies":[{"name":"wp","href":"https:\/\/api.w.org\/{rel}","templated":true}]}}