{"id":22328,"date":"2025-11-11T15:01:41","date_gmt":"2025-11-11T14:01:41","guid":{"rendered":"https:\/\/wgphoto.pl\/t\/?p=22328"},"modified":"2025-11-11T15:01:41","modified_gmt":"2025-11-11T14:01:41","slug":"o-niedopasowaniu","status":"publish","type":"post","link":"https:\/\/wgphoto.pl\/t\/?p=22328","title":{"rendered":"O niedopasowaniu"},"content":{"rendered":"\n<figure class=\"wp-block-image aligncenter size-full\"><img loading=\"lazy\" decoding=\"async\" width=\"1400\" height=\"931\" src=\"https:\/\/wgphoto.pl\/t\/wp-content\/uploads\/2025\/11\/0329-25_rsn.jpg\" alt=\"\" class=\"wp-image-22329\" srcset=\"https:\/\/wgphoto.pl\/t\/wp-content\/uploads\/2025\/11\/0329-25_rsn.jpg 1400w, https:\/\/wgphoto.pl\/t\/wp-content\/uploads\/2025\/11\/0329-25_rsn-300x200.jpg 300w, https:\/\/wgphoto.pl\/t\/wp-content\/uploads\/2025\/11\/0329-25_rsn-768x511.jpg 768w\" sizes=\"auto, (max-width: 1400px) 100vw, 1400px\" \/><\/figure>\n\n\n\n<div class=\"wp-block-group has-global-padding is-layout-constrained wp-block-group-is-layout-constrained\">\n<p>Wroc\u0142aw, ul. Grabiszy\u0144ska. Wahad\u0142o 105Na 2556+2208 by\u0142o jednym z kilku zestawionych przez zajezdni\u0119 Gaj. Oba wagony r\u00f3\u017cni\u0142y si\u0119 zar\u00f3wno na zewn\u0105trz, jak i wewn\u0105trz. 03.08.2003<\/p>\n<\/div>\n","protected":false},"excerpt":{"rendered":"<p>Wroc\u0142aw, ul. Grabiszy\u0144ska. Wahad\u0142o 105Na 2556+2208 by\u0142o jednym z kilku zestawionych przez zajezdni\u0119 Gaj. Oba wagony r\u00f3\u017cni\u0142y si\u0119 zar\u00f3wno na zewn\u0105trz, jak i wewn\u0105trz. 03.08.2003<\/p>\n","protected":false},"author":1,"featured_media":22329,"comment_status":"open","ping_status":"","sticky":false,"template":"","format":"standard","meta":{"footnotes":""},"categories":[62,149,3],"tags":[155,1536,34,42,27,1990,41],"class_list":["post-22328","post","type-post","status-publish","format-standard","has-post-thumbnail","hentry","category-analog","category-rok-2003","category-tramwaj","tag-105na","tag-2003-08-03","tag-architektura","tag-mpk-wroclaw","tag-polska","tag-ruch-wahadlowy","tag-wroclaw"],"_links":{"self":[{"href":"https:\/\/wgphoto.pl\/t\/index.php?rest_route=\/wp\/v2\/posts\/22328","targetHints":{"allow":["GET"]}}],"collection":[{"href":"https:\/\/wgphoto.pl\/t\/index.php?rest_route=\/wp\/v2\/posts"}],"about":[{"href":"https:\/\/wgphoto.pl\/t\/index.php?rest_route=\/wp\/v2\/types\/post"}],"author":[{"embeddable":true,"href":"https:\/\/wgphoto.pl\/t\/index.php?rest_route=\/wp\/v2\/users\/1"}],"replies":[{"embeddable":true,"href":"https:\/\/wgphoto.pl\/t\/index.php?rest_route=%2Fwp%2Fv2%2Fcomments&post=22328"}],"version-history":[{"count":1,"href":"https:\/\/wgphoto.pl\/t\/index.php?rest_route=\/wp\/v2\/posts\/22328\/revisions"}],"predecessor-version":[{"id":22330,"href":"https:\/\/wgphoto.pl\/t\/index.php?rest_route=\/wp\/v2\/posts\/22328\/revisions\/22330"}],"wp:featuredmedia":[{"embeddable":true,"href":"https:\/\/wgphoto.pl\/t\/index.php?rest_route=\/wp\/v2\/media\/22329"}],"wp:attachment":[{"href":"https:\/\/wgphoto.pl\/t\/index.php?rest_route=%2Fwp%2Fv2%2Fmedia&parent=22328"}],"wp:term":[{"taxonomy":"category","embeddable":true,"href":"https:\/\/wgphoto.pl\/t\/index.php?rest_route=%2Fwp%2Fv2%2Fcategories&post=22328"},{"taxonomy":"post_tag","embeddable":true,"href":"https:\/\/wgphoto.pl\/t\/index.php?rest_route=%2Fwp%2Fv2%2Ftags&post=22328"}],"curies":[{"name":"wp","href":"https:\/\/api.w.org\/{rel}","templated":true}]}}