{"id":22340,"date":"2025-11-11T18:19:56","date_gmt":"2025-11-11T17:19:56","guid":{"rendered":"https:\/\/wgphoto.pl\/t\/?p=22340"},"modified":"2025-11-11T18:19:56","modified_gmt":"2025-11-11T17:19:56","slug":"jindrisska-vez","status":"publish","type":"post","link":"https:\/\/wgphoto.pl\/t\/?p=22340","title":{"rendered":"Jind\u0159i\u0161sk\u00e1 v\u011b\u017e"},"content":{"rendered":"\n<figure class=\"wp-block-image aligncenter size-full\"><img loading=\"lazy\" decoding=\"async\" width=\"800\" height=\"1208\" src=\"https:\/\/wgphoto.pl\/t\/wp-content\/uploads\/2025\/11\/IMGP9474.jpg\" alt=\"\" class=\"wp-image-22341\" srcset=\"https:\/\/wgphoto.pl\/t\/wp-content\/uploads\/2025\/11\/IMGP9474.jpg 800w, https:\/\/wgphoto.pl\/t\/wp-content\/uploads\/2025\/11\/IMGP9474-199x300.jpg 199w, https:\/\/wgphoto.pl\/t\/wp-content\/uploads\/2025\/11\/IMGP9474-768x1160.jpg 768w\" sizes=\"auto, (max-width: 800px) 100vw, 800px\" \/><\/figure>\n\n\n\n<div class=\"wp-block-group has-global-padding is-layout-constrained wp-block-group-is-layout-constrained\">\n<p>Praga, ul. Jind\u0159i\u0161sk\u00e1. Sk\u0142ad T6A5 8725+? min\u0105\u0142 tytu\u0142ow\u0105 wie\u017c\u0119. Jej nazwa, a tak\u017ce nazwa ulicy, pochodz\u0105 od \u015aw. Henryka. 28.02.2017<\/p>\n<\/div>\n","protected":false},"excerpt":{"rendered":"<p>Praga, ul. Jind\u0159i\u0161sk\u00e1. Sk\u0142ad T6A5 8725+? min\u0105\u0142 tytu\u0142ow\u0105 wie\u017c\u0119. Jej nazwa, a tak\u017ce nazwa ulicy, pochodz\u0105 od \u015aw. Henryka. 28.02.2017<\/p>\n","protected":false},"author":1,"featured_media":22341,"comment_status":"open","ping_status":"","sticky":false,"template":"","format":"standard","meta":{"footnotes":""},"categories":[128,368,3],"tags":[1929,34,49,1049,52,841],"class_list":["post-22340","post","type-post","status-publish","format-standard","has-post-thumbnail","hentry","category-pionowe","category-rok-2017","category-tramwaj","tag-2017-02-28","tag-architektura","tag-czechy","tag-dp-praha","tag-praga","tag-tatra-t6"],"_links":{"self":[{"href":"https:\/\/wgphoto.pl\/t\/index.php?rest_route=\/wp\/v2\/posts\/22340","targetHints":{"allow":["GET"]}}],"collection":[{"href":"https:\/\/wgphoto.pl\/t\/index.php?rest_route=\/wp\/v2\/posts"}],"about":[{"href":"https:\/\/wgphoto.pl\/t\/index.php?rest_route=\/wp\/v2\/types\/post"}],"author":[{"embeddable":true,"href":"https:\/\/wgphoto.pl\/t\/index.php?rest_route=\/wp\/v2\/users\/1"}],"replies":[{"embeddable":true,"href":"https:\/\/wgphoto.pl\/t\/index.php?rest_route=%2Fwp%2Fv2%2Fcomments&post=22340"}],"version-history":[{"count":1,"href":"https:\/\/wgphoto.pl\/t\/index.php?rest_route=\/wp\/v2\/posts\/22340\/revisions"}],"predecessor-version":[{"id":22342,"href":"https:\/\/wgphoto.pl\/t\/index.php?rest_route=\/wp\/v2\/posts\/22340\/revisions\/22342"}],"wp:featuredmedia":[{"embeddable":true,"href":"https:\/\/wgphoto.pl\/t\/index.php?rest_route=\/wp\/v2\/media\/22341"}],"wp:attachment":[{"href":"https:\/\/wgphoto.pl\/t\/index.php?rest_route=%2Fwp%2Fv2%2Fmedia&parent=22340"}],"wp:term":[{"taxonomy":"category","embeddable":true,"href":"https:\/\/wgphoto.pl\/t\/index.php?rest_route=%2Fwp%2Fv2%2Fcategories&post=22340"},{"taxonomy":"post_tag","embeddable":true,"href":"https:\/\/wgphoto.pl\/t\/index.php?rest_route=%2Fwp%2Fv2%2Ftags&post=22340"}],"curies":[{"name":"wp","href":"https:\/\/api.w.org\/{rel}","templated":true}]}}