{"id":22352,"date":"2025-11-11T18:24:06","date_gmt":"2025-11-11T17:24:06","guid":{"rendered":"https:\/\/wgphoto.pl\/t\/?p=22352"},"modified":"2025-11-11T18:24:06","modified_gmt":"2025-11-11T17:24:06","slug":"t6a5-8741","status":"publish","type":"post","link":"https:\/\/wgphoto.pl\/t\/?p=22352","title":{"rendered":"T6A5 8741"},"content":{"rendered":"\n<figure class=\"wp-block-image aligncenter size-full\"><img loading=\"lazy\" decoding=\"async\" width=\"1400\" height=\"959\" src=\"https:\/\/wgphoto.pl\/t\/wp-content\/uploads\/2025\/11\/IMGP9393.jpg\" alt=\"\" class=\"wp-image-22353\" srcset=\"https:\/\/wgphoto.pl\/t\/wp-content\/uploads\/2025\/11\/IMGP9393.jpg 1400w, https:\/\/wgphoto.pl\/t\/wp-content\/uploads\/2025\/11\/IMGP9393-300x206.jpg 300w, https:\/\/wgphoto.pl\/t\/wp-content\/uploads\/2025\/11\/IMGP9393-768x526.jpg 768w\" sizes=\"auto, (max-width: 1400px) 100vw, 1400px\" \/><\/figure>\n\n\n\n<div class=\"wp-block-group has-global-padding is-layout-constrained wp-block-group-is-layout-constrained\">\n<p>Praga, n\u00e1m\u011bst\u00ed Republiky, T6A5 8741. Sol\u00f3wka w samym centrum wielkiego miasta nie prezentuje si\u0119 zbyt okazale. 28.02.2017<\/p>\n<\/div>\n","protected":false},"excerpt":{"rendered":"<p>Praga, n\u00e1m\u011bst\u00ed Republiky, T6A5 8741. Sol\u00f3wka w samym centrum wielkiego miasta nie prezentuje si\u0119 zbyt okazale. 28.02.2017<\/p>\n","protected":false},"author":1,"featured_media":22353,"comment_status":"open","ping_status":"","sticky":false,"template":"","format":"standard","meta":{"footnotes":""},"categories":[368,3],"tags":[1929,34,49,239,1049,52,841],"class_list":["post-22352","post","type-post","status-publish","format-standard","has-post-thumbnail","hentry","category-rok-2017","category-tramwaj","tag-2017-02-28","tag-architektura","tag-czechy","tag-deptak","tag-dp-praha","tag-praga","tag-tatra-t6"],"_links":{"self":[{"href":"https:\/\/wgphoto.pl\/t\/index.php?rest_route=\/wp\/v2\/posts\/22352","targetHints":{"allow":["GET"]}}],"collection":[{"href":"https:\/\/wgphoto.pl\/t\/index.php?rest_route=\/wp\/v2\/posts"}],"about":[{"href":"https:\/\/wgphoto.pl\/t\/index.php?rest_route=\/wp\/v2\/types\/post"}],"author":[{"embeddable":true,"href":"https:\/\/wgphoto.pl\/t\/index.php?rest_route=\/wp\/v2\/users\/1"}],"replies":[{"embeddable":true,"href":"https:\/\/wgphoto.pl\/t\/index.php?rest_route=%2Fwp%2Fv2%2Fcomments&post=22352"}],"version-history":[{"count":1,"href":"https:\/\/wgphoto.pl\/t\/index.php?rest_route=\/wp\/v2\/posts\/22352\/revisions"}],"predecessor-version":[{"id":22354,"href":"https:\/\/wgphoto.pl\/t\/index.php?rest_route=\/wp\/v2\/posts\/22352\/revisions\/22354"}],"wp:featuredmedia":[{"embeddable":true,"href":"https:\/\/wgphoto.pl\/t\/index.php?rest_route=\/wp\/v2\/media\/22353"}],"wp:attachment":[{"href":"https:\/\/wgphoto.pl\/t\/index.php?rest_route=%2Fwp%2Fv2%2Fmedia&parent=22352"}],"wp:term":[{"taxonomy":"category","embeddable":true,"href":"https:\/\/wgphoto.pl\/t\/index.php?rest_route=%2Fwp%2Fv2%2Fcategories&post=22352"},{"taxonomy":"post_tag","embeddable":true,"href":"https:\/\/wgphoto.pl\/t\/index.php?rest_route=%2Fwp%2Fv2%2Ftags&post=22352"}],"curies":[{"name":"wp","href":"https:\/\/api.w.org\/{rel}","templated":true}]}}