{"id":22361,"date":"2025-11-11T18:28:34","date_gmt":"2025-11-11T17:28:34","guid":{"rendered":"https:\/\/wgphoto.pl\/t\/?p=22361"},"modified":"2025-11-11T18:28:34","modified_gmt":"2025-11-11T17:28:34","slug":"poranek-na-strasnicach","status":"publish","type":"post","link":"https:\/\/wgphoto.pl\/t\/?p=22361","title":{"rendered":"Poranek na Stra\u0161nicach"},"content":{"rendered":"\n<figure class=\"wp-block-image aligncenter size-full\"><img loading=\"lazy\" decoding=\"async\" width=\"1400\" height=\"927\" src=\"https:\/\/wgphoto.pl\/t\/wp-content\/uploads\/2025\/11\/IMGP6806.jpg\" alt=\"\" class=\"wp-image-22362\" srcset=\"https:\/\/wgphoto.pl\/t\/wp-content\/uploads\/2025\/11\/IMGP6806.jpg 1400w, https:\/\/wgphoto.pl\/t\/wp-content\/uploads\/2025\/11\/IMGP6806-300x199.jpg 300w, https:\/\/wgphoto.pl\/t\/wp-content\/uploads\/2025\/11\/IMGP6806-768x509.jpg 768w\" sizes=\"auto, (max-width: 1400px) 100vw, 1400px\" \/><\/figure>\n\n\n\n<div class=\"wp-block-group has-global-padding is-layout-constrained wp-block-group-is-layout-constrained\">\n<p>Praga, Vinohradsk\u00e1 ul. Tatra KT8D5R.N2P 9054 z wyj\u0105tkowo brzydkim pantografem jedzie o poranku w stron\u0119 o\u015blepiaj\u0105cego s\u0142o\u0144ca. 27.03.2022<\/p>\n<\/div>\n","protected":false},"excerpt":{"rendered":"<p>Praga, Vinohradsk\u00e1 ul. Tatra KT8D5R.N2P 9054 z wyj\u0105tkowo brzydkim pantografem jedzie o poranku w stron\u0119 o\u015blepiaj\u0105cego s\u0142o\u0144ca. 27.03.2022<\/p>\n","protected":false},"author":1,"featured_media":22362,"comment_status":"open","ping_status":"","sticky":false,"template":"","format":"standard","meta":{"footnotes":""},"categories":[669,3],"tags":[2780,49,1049,52,176,1075],"class_list":["post-22361","post","type-post","status-publish","format-standard","has-post-thumbnail","hentry","category-rok-2022","category-tramwaj","tag-2022-03-27","tag-czechy","tag-dp-praha","tag-praga","tag-rano","tag-tatra-kt8"],"_links":{"self":[{"href":"https:\/\/wgphoto.pl\/t\/index.php?rest_route=\/wp\/v2\/posts\/22361","targetHints":{"allow":["GET"]}}],"collection":[{"href":"https:\/\/wgphoto.pl\/t\/index.php?rest_route=\/wp\/v2\/posts"}],"about":[{"href":"https:\/\/wgphoto.pl\/t\/index.php?rest_route=\/wp\/v2\/types\/post"}],"author":[{"embeddable":true,"href":"https:\/\/wgphoto.pl\/t\/index.php?rest_route=\/wp\/v2\/users\/1"}],"replies":[{"embeddable":true,"href":"https:\/\/wgphoto.pl\/t\/index.php?rest_route=%2Fwp%2Fv2%2Fcomments&post=22361"}],"version-history":[{"count":1,"href":"https:\/\/wgphoto.pl\/t\/index.php?rest_route=\/wp\/v2\/posts\/22361\/revisions"}],"predecessor-version":[{"id":22363,"href":"https:\/\/wgphoto.pl\/t\/index.php?rest_route=\/wp\/v2\/posts\/22361\/revisions\/22363"}],"wp:featuredmedia":[{"embeddable":true,"href":"https:\/\/wgphoto.pl\/t\/index.php?rest_route=\/wp\/v2\/media\/22362"}],"wp:attachment":[{"href":"https:\/\/wgphoto.pl\/t\/index.php?rest_route=%2Fwp%2Fv2%2Fmedia&parent=22361"}],"wp:term":[{"taxonomy":"category","embeddable":true,"href":"https:\/\/wgphoto.pl\/t\/index.php?rest_route=%2Fwp%2Fv2%2Fcategories&post=22361"},{"taxonomy":"post_tag","embeddable":true,"href":"https:\/\/wgphoto.pl\/t\/index.php?rest_route=%2Fwp%2Fv2%2Ftags&post=22361"}],"curies":[{"name":"wp","href":"https:\/\/api.w.org\/{rel}","templated":true}]}}