{"id":22364,"date":"2025-11-11T18:30:02","date_gmt":"2025-11-11T17:30:02","guid":{"rendered":"https:\/\/wgphoto.pl\/t\/?p=22364"},"modified":"2025-11-11T18:30:02","modified_gmt":"2025-11-11T17:30:02","slug":"zimowy-zmierzch-2","status":"publish","type":"post","link":"https:\/\/wgphoto.pl\/t\/?p=22364","title":{"rendered":"Zimowy zmierzch"},"content":{"rendered":"\n<figure class=\"wp-block-image aligncenter size-full\"><img loading=\"lazy\" decoding=\"async\" width=\"1400\" height=\"927\" src=\"https:\/\/wgphoto.pl\/t\/wp-content\/uploads\/2025\/11\/IMGP7209.jpg\" alt=\"\" class=\"wp-image-22365\" srcset=\"https:\/\/wgphoto.pl\/t\/wp-content\/uploads\/2025\/11\/IMGP7209.jpg 1400w, https:\/\/wgphoto.pl\/t\/wp-content\/uploads\/2025\/11\/IMGP7209-300x199.jpg 300w, https:\/\/wgphoto.pl\/t\/wp-content\/uploads\/2025\/11\/IMGP7209-768x509.jpg 768w\" sizes=\"auto, (max-width: 1400px) 100vw, 1400px\" \/><\/figure>\n\n\n\n<div class=\"wp-block-group has-global-padding is-layout-constrained wp-block-group-is-layout-constrained\">\n<p>Praga, Most Svatopluka \u010cecha, 15T 9426. W tle ponad zabudow\u0119 wybija si\u0119 \u017ci\u017ckowska wie\u017ca telewizyjna, zwana potocznie \u015brubokr\u0119tem, kt\u00f3r\u0105 z bli\u017csza mo\u017cna by\u0142o zaobserwowa\u0107 na poprzednim zdj\u0119ciu. 29.12.2019<\/p>\n<\/div>\n","protected":false},"excerpt":{"rendered":"<p>Praga, Most Svatopluka \u010cecha, 15T 9426. W tle ponad zabudow\u0119 wybija si\u0119 \u017ci\u017ckowska wie\u017ca telewizyjna, zwana potocznie \u015brubokr\u0119tem, kt\u00f3r\u0105 z bli\u017csza mo\u017cna by\u0142o zaobserwowa\u0107 na poprzednim zdj\u0119ciu. 29.12.2019<\/p>\n","protected":false},"author":1,"featured_media":22365,"comment_status":"open","ping_status":"","sticky":false,"template":"","format":"standard","meta":{"footnotes":""},"categories":[136,3],"tags":[1504,49,1049,45,52,73,95,90],"class_list":["post-22364","post","type-post","status-publish","format-standard","has-post-thumbnail","hentry","category-rok-2019","category-tramwaj","tag-2019-12-29","tag-czechy","tag-dp-praha","tag-most","tag-praga","tag-rzeka","tag-skoda-15t","tag-wieczorem"],"_links":{"self":[{"href":"https:\/\/wgphoto.pl\/t\/index.php?rest_route=\/wp\/v2\/posts\/22364","targetHints":{"allow":["GET"]}}],"collection":[{"href":"https:\/\/wgphoto.pl\/t\/index.php?rest_route=\/wp\/v2\/posts"}],"about":[{"href":"https:\/\/wgphoto.pl\/t\/index.php?rest_route=\/wp\/v2\/types\/post"}],"author":[{"embeddable":true,"href":"https:\/\/wgphoto.pl\/t\/index.php?rest_route=\/wp\/v2\/users\/1"}],"replies":[{"embeddable":true,"href":"https:\/\/wgphoto.pl\/t\/index.php?rest_route=%2Fwp%2Fv2%2Fcomments&post=22364"}],"version-history":[{"count":1,"href":"https:\/\/wgphoto.pl\/t\/index.php?rest_route=\/wp\/v2\/posts\/22364\/revisions"}],"predecessor-version":[{"id":22366,"href":"https:\/\/wgphoto.pl\/t\/index.php?rest_route=\/wp\/v2\/posts\/22364\/revisions\/22366"}],"wp:featuredmedia":[{"embeddable":true,"href":"https:\/\/wgphoto.pl\/t\/index.php?rest_route=\/wp\/v2\/media\/22365"}],"wp:attachment":[{"href":"https:\/\/wgphoto.pl\/t\/index.php?rest_route=%2Fwp%2Fv2%2Fmedia&parent=22364"}],"wp:term":[{"taxonomy":"category","embeddable":true,"href":"https:\/\/wgphoto.pl\/t\/index.php?rest_route=%2Fwp%2Fv2%2Fcategories&post=22364"},{"taxonomy":"post_tag","embeddable":true,"href":"https:\/\/wgphoto.pl\/t\/index.php?rest_route=%2Fwp%2Fv2%2Ftags&post=22364"}],"curies":[{"name":"wp","href":"https:\/\/api.w.org\/{rel}","templated":true}]}}