{"id":22367,"date":"2025-11-11T23:03:45","date_gmt":"2025-11-11T22:03:45","guid":{"rendered":"https:\/\/wgphoto.pl\/t\/?p=22367"},"modified":"2025-12-21T20:17:38","modified_gmt":"2025-12-21T19:17:38","slug":"11-11","status":"publish","type":"post","link":"https:\/\/wgphoto.pl\/t\/?p=22367","title":{"rendered":"11\/11"},"content":{"rendered":"\n<figure class=\"wp-block-image aligncenter size-full\"><img loading=\"lazy\" decoding=\"async\" width=\"1200\" height=\"800\" src=\"https:\/\/wgphoto.pl\/t\/wp-content\/uploads\/2025\/11\/DSFN2048b.jpg\" alt=\"\" class=\"wp-image-22370\" srcset=\"https:\/\/wgphoto.pl\/t\/wp-content\/uploads\/2025\/11\/DSFN2048b.jpg 1200w, https:\/\/wgphoto.pl\/t\/wp-content\/uploads\/2025\/11\/DSFN2048b-300x200.jpg 300w, https:\/\/wgphoto.pl\/t\/wp-content\/uploads\/2025\/11\/DSFN2048b-768x512.jpg 768w\" sizes=\"auto, (max-width: 1200px) 100vw, 1200px\" \/><\/figure>\n\n\n\n<div class=\"wp-block-group has-global-padding is-layout-constrained wp-block-group-is-layout-constrained\">\n<p>MF17AC 2719 przeprawia si\u0119 nad Odr\u0105 mostem Uniwersyteckim, kt\u00f3ry tego dnia przybra\u0142 odpowiednie barwy. Iluminacj\u0119, zdoln\u0105 przybiera\u0107 pe\u0142ni\u0119 barw, zamontowano na mo\u015bcie w ramach zako\u0144czonego niedawno remontu. Natomiast odno\u015bnie zdj\u0119cia, by\u0142o tutaj konieczne iso &#8222;miliard&#8221; i kolejny raz zawiod\u0142em si\u0119 na osi\u0105gach fujikowej matrycy. Mam wra\u017cenie, \u017ce w takich warunkach (r\u00f3wnie\u017c na iso 10000) lepiej sobie radzi\u0142 kilkunastoletni Pentax. Wroc\u0142aw, 11.11.2025<\/p>\n<\/div>\n","protected":false},"excerpt":{"rendered":"<p>MF17AC 2719 przeprawia si\u0119 nad Odr\u0105 mostem Uniwersyteckim, kt\u00f3ry tego dnia przybra\u0142 odpowiednie barwy. Iluminacj\u0119, zdoln\u0105 przybiera\u0107 pe\u0142ni\u0119 barw, zamontowano na mo\u015bcie w ramach zako\u0144czonego niedawno remontu. Natomiast odno\u015bnie zdj\u0119cia, by\u0142o tutaj konieczne iso &#8222;miliard&#8221; i kolejny raz zawiod\u0142em si\u0119 na osi\u0105gach fujikowej matrycy. Mam wra\u017cenie, \u017ce w takich warunkach (r\u00f3wnie\u017c na iso 10000) lepiej [&hellip;]<\/p>\n","protected":false},"author":1,"featured_media":22370,"comment_status":"open","ping_status":"","sticky":false,"template":"","format":"standard","meta":{"footnotes":""},"categories":[3208,3],"tags":[4584,494,4601,501,45,42,154,27,41],"class_list":["post-22367","post","type-post","status-publish","format-standard","has-post-thumbnail","hentry","category-rok-2025","category-tramwaj","tag-2025-11-11","tag-flaga","tag-mf17ac","tag-moderus-beta","tag-most","tag-mpk-wroclaw","tag-noc","tag-polska","tag-wroclaw"],"_links":{"self":[{"href":"https:\/\/wgphoto.pl\/t\/index.php?rest_route=\/wp\/v2\/posts\/22367","targetHints":{"allow":["GET"]}}],"collection":[{"href":"https:\/\/wgphoto.pl\/t\/index.php?rest_route=\/wp\/v2\/posts"}],"about":[{"href":"https:\/\/wgphoto.pl\/t\/index.php?rest_route=\/wp\/v2\/types\/post"}],"author":[{"embeddable":true,"href":"https:\/\/wgphoto.pl\/t\/index.php?rest_route=\/wp\/v2\/users\/1"}],"replies":[{"embeddable":true,"href":"https:\/\/wgphoto.pl\/t\/index.php?rest_route=%2Fwp%2Fv2%2Fcomments&post=22367"}],"version-history":[{"count":7,"href":"https:\/\/wgphoto.pl\/t\/index.php?rest_route=\/wp\/v2\/posts\/22367\/revisions"}],"predecessor-version":[{"id":22378,"href":"https:\/\/wgphoto.pl\/t\/index.php?rest_route=\/wp\/v2\/posts\/22367\/revisions\/22378"}],"wp:featuredmedia":[{"embeddable":true,"href":"https:\/\/wgphoto.pl\/t\/index.php?rest_route=\/wp\/v2\/media\/22370"}],"wp:attachment":[{"href":"https:\/\/wgphoto.pl\/t\/index.php?rest_route=%2Fwp%2Fv2%2Fmedia&parent=22367"}],"wp:term":[{"taxonomy":"category","embeddable":true,"href":"https:\/\/wgphoto.pl\/t\/index.php?rest_route=%2Fwp%2Fv2%2Fcategories&post=22367"},{"taxonomy":"post_tag","embeddable":true,"href":"https:\/\/wgphoto.pl\/t\/index.php?rest_route=%2Fwp%2Fv2%2Ftags&post=22367"}],"curies":[{"name":"wp","href":"https:\/\/api.w.org\/{rel}","templated":true}]}}