{"id":22380,"date":"2025-11-12T17:06:42","date_gmt":"2025-11-12T16:06:42","guid":{"rendered":"https:\/\/wgphoto.pl\/t\/?p=22380"},"modified":"2025-11-12T17:06:42","modified_gmt":"2025-11-12T16:06:42","slug":"wieden-i-socreal-nie-pasuja-do-siebie","status":"publish","type":"post","link":"https:\/\/wgphoto.pl\/t\/?p=22380","title":{"rendered":"Wiede\u0144 i socreal nie pasuj\u0105 do siebie"},"content":{"rendered":"\n<figure class=\"wp-block-image aligncenter size-full\"><img loading=\"lazy\" decoding=\"async\" width=\"1400\" height=\"875\" src=\"https:\/\/wgphoto.pl\/t\/wp-content\/uploads\/2025\/11\/IMGP5620.jpg\" alt=\"\" class=\"wp-image-22381\" srcset=\"https:\/\/wgphoto.pl\/t\/wp-content\/uploads\/2025\/11\/IMGP5620.jpg 1400w, https:\/\/wgphoto.pl\/t\/wp-content\/uploads\/2025\/11\/IMGP5620-300x188.jpg 300w, https:\/\/wgphoto.pl\/t\/wp-content\/uploads\/2025\/11\/IMGP5620-768x480.jpg 768w\" sizes=\"auto, (max-width: 1400px) 100vw, 1400px\" \/><\/figure>\n\n\n\n<div class=\"wp-block-group has-global-padding is-layout-constrained wp-block-group-is-layout-constrained\">\n<p>Retro &#8222;Wiede\u0144&#8221;, pierwszy spo\u015br\u00f3d sprowadzonych, nr HW101, wci\u0105\u017c nosi austriackie barwy, cho\u0107 od\u015bwie\u017cone ju\u017c w Polsce. Krak\u00f3w, w\u0119ze\u0142 przy Kombinacie, 08.02.2024<\/p>\n<\/div>\n","protected":false},"excerpt":{"rendered":"<p>Retro &#8222;Wiede\u0144&#8221;, pierwszy spo\u015br\u00f3d sprowadzonych, nr HW101, wci\u0105\u017c nosi austriackie barwy, cho\u0107 od\u015bwie\u017cone ju\u017c w Polsce. Krak\u00f3w, w\u0119ze\u0142 przy Kombinacie, 08.02.2024<\/p>\n","protected":false},"author":1,"featured_media":22381,"comment_status":"open","ping_status":"","sticky":false,"template":"","format":"standard","meta":{"footnotes":""},"categories":[5,3],"tags":[3095,34,102,101,664,663,27,139],"class_list":["post-22380","post","type-post","status-publish","format-standard","has-post-thumbnail","hentry","category-2024r","category-tramwaj","tag-2024-02-08","tag-architektura","tag-e1","tag-gt6","tag-krakow","tag-mpk-krakow","tag-polska","tag-retro"],"_links":{"self":[{"href":"https:\/\/wgphoto.pl\/t\/index.php?rest_route=\/wp\/v2\/posts\/22380","targetHints":{"allow":["GET"]}}],"collection":[{"href":"https:\/\/wgphoto.pl\/t\/index.php?rest_route=\/wp\/v2\/posts"}],"about":[{"href":"https:\/\/wgphoto.pl\/t\/index.php?rest_route=\/wp\/v2\/types\/post"}],"author":[{"embeddable":true,"href":"https:\/\/wgphoto.pl\/t\/index.php?rest_route=\/wp\/v2\/users\/1"}],"replies":[{"embeddable":true,"href":"https:\/\/wgphoto.pl\/t\/index.php?rest_route=%2Fwp%2Fv2%2Fcomments&post=22380"}],"version-history":[{"count":1,"href":"https:\/\/wgphoto.pl\/t\/index.php?rest_route=\/wp\/v2\/posts\/22380\/revisions"}],"predecessor-version":[{"id":22382,"href":"https:\/\/wgphoto.pl\/t\/index.php?rest_route=\/wp\/v2\/posts\/22380\/revisions\/22382"}],"wp:featuredmedia":[{"embeddable":true,"href":"https:\/\/wgphoto.pl\/t\/index.php?rest_route=\/wp\/v2\/media\/22381"}],"wp:attachment":[{"href":"https:\/\/wgphoto.pl\/t\/index.php?rest_route=%2Fwp%2Fv2%2Fmedia&parent=22380"}],"wp:term":[{"taxonomy":"category","embeddable":true,"href":"https:\/\/wgphoto.pl\/t\/index.php?rest_route=%2Fwp%2Fv2%2Fcategories&post=22380"},{"taxonomy":"post_tag","embeddable":true,"href":"https:\/\/wgphoto.pl\/t\/index.php?rest_route=%2Fwp%2Fv2%2Ftags&post=22380"}],"curies":[{"name":"wp","href":"https:\/\/api.w.org\/{rel}","templated":true}]}}