{"id":22387,"date":"2025-11-14T16:42:08","date_gmt":"2025-11-14T15:42:08","guid":{"rendered":"https:\/\/wgphoto.pl\/t\/?p=22387"},"modified":"2025-11-14T16:42:08","modified_gmt":"2025-11-14T15:42:08","slug":"e1-191","status":"publish","type":"post","link":"https:\/\/wgphoto.pl\/t\/?p=22387","title":{"rendered":"E1 191"},"content":{"rendered":"\n<figure class=\"wp-block-image aligncenter size-full\"><img loading=\"lazy\" decoding=\"async\" width=\"1400\" height=\"875\" src=\"https:\/\/wgphoto.pl\/t\/wp-content\/uploads\/2025\/11\/IMGP5552.jpg\" alt=\"\" class=\"wp-image-22388\" srcset=\"https:\/\/wgphoto.pl\/t\/wp-content\/uploads\/2025\/11\/IMGP5552.jpg 1400w, https:\/\/wgphoto.pl\/t\/wp-content\/uploads\/2025\/11\/IMGP5552-300x188.jpg 300w, https:\/\/wgphoto.pl\/t\/wp-content\/uploads\/2025\/11\/IMGP5552-768x480.jpg 768w\" sizes=\"auto, (max-width: 1400px) 100vw, 1400px\" \/><\/figure>\n\n\n\n<div class=\"wp-block-group has-global-padding is-layout-constrained wp-block-group-is-layout-constrained\">\n<p>Miszkolc, Hunyadi utca. Wagon E<sub>1<\/sub> 191 do 2004 roku s\u0142u\u017cy\u0142 w Wiedniu pod numerem 4705. Ciekawe, \u017ce dekad\u0119 p\u00f3\u017aniej wci\u0105\u017c nosi\u0142 oryginalny lakier. Na W\u0119grzech zosta\u0142 zez\u0142omowany w 2015 r. wraz z pozosta\u0142ymi kilkunastoma kolegami, ju\u017c podczas mojej wizyty zacz\u0119\u0142y si\u0119 bowiem pojawia\u0107 nowe \u0160kody. 19.06.2014<\/p>\n<\/div>\n","protected":false},"excerpt":{"rendered":"<p>Miszkolc, Hunyadi utca. Wagon E1 191 do 2004 roku s\u0142u\u017cy\u0142 w Wiedniu pod numerem 4705. Ciekawe, \u017ce dekad\u0119 p\u00f3\u017aniej wci\u0105\u017c nosi\u0142 oryginalny lakier. Na W\u0119grzech zosta\u0142 zez\u0142omowany w 2015 r. wraz z pozosta\u0142ymi kilkunastoma kolegami, ju\u017c podczas mojej wizyty zacz\u0119\u0142y si\u0119 bowiem pojawia\u0107 nowe \u0160kody. 19.06.2014<\/p>\n","protected":false},"author":1,"featured_media":22388,"comment_status":"open","ping_status":"","sticky":false,"template":"","format":"standard","meta":{"footnotes":""},"categories":[48,3],"tags":[1007,102,101,1008,1006,105],"class_list":["post-22387","post","type-post","status-publish","format-standard","has-post-thumbnail","hentry","category-rok-2014","category-tramwaj","tag-2014-06-19","tag-e1","tag-gt6","tag-miszkolc","tag-mvk-miskolc","tag-wegry"],"_links":{"self":[{"href":"https:\/\/wgphoto.pl\/t\/index.php?rest_route=\/wp\/v2\/posts\/22387","targetHints":{"allow":["GET"]}}],"collection":[{"href":"https:\/\/wgphoto.pl\/t\/index.php?rest_route=\/wp\/v2\/posts"}],"about":[{"href":"https:\/\/wgphoto.pl\/t\/index.php?rest_route=\/wp\/v2\/types\/post"}],"author":[{"embeddable":true,"href":"https:\/\/wgphoto.pl\/t\/index.php?rest_route=\/wp\/v2\/users\/1"}],"replies":[{"embeddable":true,"href":"https:\/\/wgphoto.pl\/t\/index.php?rest_route=%2Fwp%2Fv2%2Fcomments&post=22387"}],"version-history":[{"count":1,"href":"https:\/\/wgphoto.pl\/t\/index.php?rest_route=\/wp\/v2\/posts\/22387\/revisions"}],"predecessor-version":[{"id":22389,"href":"https:\/\/wgphoto.pl\/t\/index.php?rest_route=\/wp\/v2\/posts\/22387\/revisions\/22389"}],"wp:featuredmedia":[{"embeddable":true,"href":"https:\/\/wgphoto.pl\/t\/index.php?rest_route=\/wp\/v2\/media\/22388"}],"wp:attachment":[{"href":"https:\/\/wgphoto.pl\/t\/index.php?rest_route=%2Fwp%2Fv2%2Fmedia&parent=22387"}],"wp:term":[{"taxonomy":"category","embeddable":true,"href":"https:\/\/wgphoto.pl\/t\/index.php?rest_route=%2Fwp%2Fv2%2Fcategories&post=22387"},{"taxonomy":"post_tag","embeddable":true,"href":"https:\/\/wgphoto.pl\/t\/index.php?rest_route=%2Fwp%2Fv2%2Ftags&post=22387"}],"curies":[{"name":"wp","href":"https:\/\/api.w.org\/{rel}","templated":true}]}}