{"id":22390,"date":"2025-11-14T16:43:47","date_gmt":"2025-11-14T15:43:47","guid":{"rendered":"https:\/\/wgphoto.pl\/t\/?p=22390"},"modified":"2025-11-14T16:43:47","modified_gmt":"2025-11-14T15:43:47","slug":"e-4402","status":"publish","type":"post","link":"https:\/\/wgphoto.pl\/t\/?p=22390","title":{"rendered":"E 4402"},"content":{"rendered":"\n<figure class=\"wp-block-image aligncenter size-full\"><img loading=\"lazy\" decoding=\"async\" width=\"1400\" height=\"927\" src=\"https:\/\/wgphoto.pl\/t\/wp-content\/uploads\/2025\/11\/2002r2-23_rsn.jpg\" alt=\"\" class=\"wp-image-22391\" srcset=\"https:\/\/wgphoto.pl\/t\/wp-content\/uploads\/2025\/11\/2002r2-23_rsn.jpg 1400w, https:\/\/wgphoto.pl\/t\/wp-content\/uploads\/2025\/11\/2002r2-23_rsn-300x199.jpg 300w, https:\/\/wgphoto.pl\/t\/wp-content\/uploads\/2025\/11\/2002r2-23_rsn-768x509.jpg 768w\" sizes=\"auto, (max-width: 1400px) 100vw, 1400px\" \/><\/figure>\n\n\n\n<div class=\"wp-block-group has-global-padding is-layout-constrained wp-block-group-is-layout-constrained\">\n<p>Wiede\u0144, Karlsplatz. E 4402 to trzeci najstarszy wagon typu E, rocznik 1961 (trzeci, bo oryginalnego 4402 przenumerowano). W 2007 roku trafi\u0142 do Sarajewa, gdzie zosta\u0142 zez\u0142omowany w 2016 roku. 26.07.2002<\/p>\n<\/div>\n","protected":false},"excerpt":{"rendered":"<p>Wiede\u0144, Karlsplatz. E 4402 to trzeci najstarszy wagon typu E, rocznik 1961 (trzeci, bo oryginalnego 4402 przenumerowano). W 2007 roku trafi\u0142 do Sarajewa, gdzie zosta\u0142 zez\u0142omowany w 2016 roku. 26.07.2002<\/p>\n","protected":false},"author":1,"featured_media":22391,"comment_status":"open","ping_status":"","sticky":false,"template":"","format":"standard","meta":{"footnotes":""},"categories":[62,577,3],"tags":[2167,9,449,101,97,98],"class_list":["post-22390","post","type-post","status-publish","format-standard","has-post-thumbnail","hentry","category-analog","category-rok-2002","category-tramwaj","tag-2002-07-26","tag-austria","tag-e","tag-gt6","tag-wieden","tag-wiener-linien"],"_links":{"self":[{"href":"https:\/\/wgphoto.pl\/t\/index.php?rest_route=\/wp\/v2\/posts\/22390","targetHints":{"allow":["GET"]}}],"collection":[{"href":"https:\/\/wgphoto.pl\/t\/index.php?rest_route=\/wp\/v2\/posts"}],"about":[{"href":"https:\/\/wgphoto.pl\/t\/index.php?rest_route=\/wp\/v2\/types\/post"}],"author":[{"embeddable":true,"href":"https:\/\/wgphoto.pl\/t\/index.php?rest_route=\/wp\/v2\/users\/1"}],"replies":[{"embeddable":true,"href":"https:\/\/wgphoto.pl\/t\/index.php?rest_route=%2Fwp%2Fv2%2Fcomments&post=22390"}],"version-history":[{"count":1,"href":"https:\/\/wgphoto.pl\/t\/index.php?rest_route=\/wp\/v2\/posts\/22390\/revisions"}],"predecessor-version":[{"id":22392,"href":"https:\/\/wgphoto.pl\/t\/index.php?rest_route=\/wp\/v2\/posts\/22390\/revisions\/22392"}],"wp:featuredmedia":[{"embeddable":true,"href":"https:\/\/wgphoto.pl\/t\/index.php?rest_route=\/wp\/v2\/media\/22391"}],"wp:attachment":[{"href":"https:\/\/wgphoto.pl\/t\/index.php?rest_route=%2Fwp%2Fv2%2Fmedia&parent=22390"}],"wp:term":[{"taxonomy":"category","embeddable":true,"href":"https:\/\/wgphoto.pl\/t\/index.php?rest_route=%2Fwp%2Fv2%2Fcategories&post=22390"},{"taxonomy":"post_tag","embeddable":true,"href":"https:\/\/wgphoto.pl\/t\/index.php?rest_route=%2Fwp%2Fv2%2Ftags&post=22390"}],"curies":[{"name":"wp","href":"https:\/\/api.w.org\/{rel}","templated":true}]}}