{"id":22393,"date":"2025-11-14T16:44:42","date_gmt":"2025-11-14T15:44:42","guid":{"rendered":"https:\/\/wgphoto.pl\/t\/?p=22393"},"modified":"2025-11-14T16:44:42","modified_gmt":"2025-11-14T15:44:42","slug":"poranna-rozgrzewka","status":"publish","type":"post","link":"https:\/\/wgphoto.pl\/t\/?p=22393","title":{"rendered":"Poranna rozgrzewka"},"content":{"rendered":"\n<figure class=\"wp-block-image aligncenter size-full\"><img loading=\"lazy\" decoding=\"async\" width=\"1400\" height=\"907\" src=\"https:\/\/wgphoto.pl\/t\/wp-content\/uploads\/2025\/11\/2002z-04_rsn.jpg\" alt=\"\" class=\"wp-image-22394\" srcset=\"https:\/\/wgphoto.pl\/t\/wp-content\/uploads\/2025\/11\/2002z-04_rsn.jpg 1400w, https:\/\/wgphoto.pl\/t\/wp-content\/uploads\/2025\/11\/2002z-04_rsn-300x194.jpg 300w, https:\/\/wgphoto.pl\/t\/wp-content\/uploads\/2025\/11\/2002z-04_rsn-768x498.jpg 768w\" sizes=\"auto, (max-width: 1400px) 100vw, 1400px\" \/><\/figure>\n\n\n\n<div class=\"wp-block-group has-global-padding is-layout-constrained wp-block-group-is-layout-constrained\">\n<p>ET22-954 z CM Wroc\u0142aw z nocnym poci\u0105giem pospiesznym 26201 z Lublina do Jeleniej G\u00f3ry mija Podg Grabiszyn. Na rozgrzewk\u0119 przed szko\u0142\u0105 warto zafoci\u0107 jaki\u015b poci\u0105g. \ud83d\ude09 12.11.2002<\/p>\n<\/div>\n","protected":false},"excerpt":{"rendered":"<p>ET22-954 z CM Wroc\u0142aw z nocnym poci\u0105giem pospiesznym 26201 z Lublina do Jeleniej G\u00f3ry mija Podg Grabiszyn. Na rozgrzewk\u0119 przed szko\u0142\u0105 warto zafoci\u0107 jaki\u015b poci\u0105g. \ud83d\ude09 12.11.2002<\/p>\n","protected":false},"author":1,"featured_media":22394,"comment_status":"open","ping_status":"","sticky":false,"template":"","format":"standard","meta":{"footnotes":""},"categories":[62,2,577],"tags":[4587,26,63,1544,27,176,200,41],"class_list":["post-22393","post","type-post","status-publish","format-standard","has-post-thumbnail","hentry","category-analog","category-kolej","category-rok-2002","tag-2002-11-12","tag-et22","tag-pkp","tag-podg-grabiszyn","tag-polska","tag-rano","tag-tab-pl240","tag-wroclaw"],"_links":{"self":[{"href":"https:\/\/wgphoto.pl\/t\/index.php?rest_route=\/wp\/v2\/posts\/22393","targetHints":{"allow":["GET"]}}],"collection":[{"href":"https:\/\/wgphoto.pl\/t\/index.php?rest_route=\/wp\/v2\/posts"}],"about":[{"href":"https:\/\/wgphoto.pl\/t\/index.php?rest_route=\/wp\/v2\/types\/post"}],"author":[{"embeddable":true,"href":"https:\/\/wgphoto.pl\/t\/index.php?rest_route=\/wp\/v2\/users\/1"}],"replies":[{"embeddable":true,"href":"https:\/\/wgphoto.pl\/t\/index.php?rest_route=%2Fwp%2Fv2%2Fcomments&post=22393"}],"version-history":[{"count":1,"href":"https:\/\/wgphoto.pl\/t\/index.php?rest_route=\/wp\/v2\/posts\/22393\/revisions"}],"predecessor-version":[{"id":22395,"href":"https:\/\/wgphoto.pl\/t\/index.php?rest_route=\/wp\/v2\/posts\/22393\/revisions\/22395"}],"wp:featuredmedia":[{"embeddable":true,"href":"https:\/\/wgphoto.pl\/t\/index.php?rest_route=\/wp\/v2\/media\/22394"}],"wp:attachment":[{"href":"https:\/\/wgphoto.pl\/t\/index.php?rest_route=%2Fwp%2Fv2%2Fmedia&parent=22393"}],"wp:term":[{"taxonomy":"category","embeddable":true,"href":"https:\/\/wgphoto.pl\/t\/index.php?rest_route=%2Fwp%2Fv2%2Fcategories&post=22393"},{"taxonomy":"post_tag","embeddable":true,"href":"https:\/\/wgphoto.pl\/t\/index.php?rest_route=%2Fwp%2Fv2%2Ftags&post=22393"}],"curies":[{"name":"wp","href":"https:\/\/api.w.org\/{rel}","templated":true}]}}