{"id":22399,"date":"2025-11-21T18:51:42","date_gmt":"2025-11-21T17:51:42","guid":{"rendered":"https:\/\/wgphoto.pl\/t\/?p=22399"},"modified":"2025-11-30T14:59:02","modified_gmt":"2025-11-30T13:59:02","slug":"calkiem-zielono-jak-na-listopad","status":"publish","type":"post","link":"https:\/\/wgphoto.pl\/t\/?p=22399","title":{"rendered":"Ca\u0142kiem zielono jak na listopad"},"content":{"rendered":"\n<figure class=\"wp-block-image aligncenter size-full\"><img loading=\"lazy\" decoding=\"async\" width=\"1400\" height=\"937\" src=\"https:\/\/wgphoto.pl\/t\/wp-content\/uploads\/2025\/11\/IMGP0811.jpg\" alt=\"\" class=\"wp-image-22400\" srcset=\"https:\/\/wgphoto.pl\/t\/wp-content\/uploads\/2025\/11\/IMGP0811.jpg 1400w, https:\/\/wgphoto.pl\/t\/wp-content\/uploads\/2025\/11\/IMGP0811-300x201.jpg 300w, https:\/\/wgphoto.pl\/t\/wp-content\/uploads\/2025\/11\/IMGP0811-768x514.jpg 768w\" sizes=\"auto, (max-width: 1400px) 100vw, 1400px\" \/><\/figure>\n\n\n\n<div class=\"wp-block-group has-global-padding is-layout-constrained wp-block-group-is-layout-constrained\">\n<p>ST43-336 na popychu sk\u0142adu prowadzonego ST43-255, kt\u00f3rego uj\u0119cie z przodu ju\u017c tu zaistnia\u0142o. Szlak Z\u0105bkowice \u015al\u0105skie \u2013 Pi\u0142awa G\u00f3rna, 28.11.2009<\/p>\n<\/div>\n","protected":false},"excerpt":{"rendered":"<p>ST43-336 na popychu sk\u0142adu prowadzonego ST43-255, kt\u00f3rego uj\u0119cie z przodu ju\u017c tu zaistnia\u0142o. Szlak Z\u0105bkowice \u015al\u0105skie \u2013 Pi\u0142awa G\u00f3rna, 28.11.2009<\/p>\n","protected":false},"author":1,"featured_media":22400,"comment_status":"open","ping_status":"","sticky":false,"template":"","format":"standard","meta":{"footnotes":""},"categories":[2,169],"tags":[1583,173,879,63,27,64,319,1442],"class_list":["post-22399","post","type-post","status-publish","format-standard","has-post-thumbnail","hentry","category-kolej","category-rok-2009","tag-2009-11-28","tag-koncowki","tag-pilawa-gorna","tag-pkp","tag-polska","tag-st43","tag-tab-pl235","tag-zabkowice-slaskie"],"_links":{"self":[{"href":"https:\/\/wgphoto.pl\/t\/index.php?rest_route=\/wp\/v2\/posts\/22399","targetHints":{"allow":["GET"]}}],"collection":[{"href":"https:\/\/wgphoto.pl\/t\/index.php?rest_route=\/wp\/v2\/posts"}],"about":[{"href":"https:\/\/wgphoto.pl\/t\/index.php?rest_route=\/wp\/v2\/types\/post"}],"author":[{"embeddable":true,"href":"https:\/\/wgphoto.pl\/t\/index.php?rest_route=\/wp\/v2\/users\/1"}],"replies":[{"embeddable":true,"href":"https:\/\/wgphoto.pl\/t\/index.php?rest_route=%2Fwp%2Fv2%2Fcomments&post=22399"}],"version-history":[{"count":1,"href":"https:\/\/wgphoto.pl\/t\/index.php?rest_route=\/wp\/v2\/posts\/22399\/revisions"}],"predecessor-version":[{"id":22401,"href":"https:\/\/wgphoto.pl\/t\/index.php?rest_route=\/wp\/v2\/posts\/22399\/revisions\/22401"}],"wp:featuredmedia":[{"embeddable":true,"href":"https:\/\/wgphoto.pl\/t\/index.php?rest_route=\/wp\/v2\/media\/22400"}],"wp:attachment":[{"href":"https:\/\/wgphoto.pl\/t\/index.php?rest_route=%2Fwp%2Fv2%2Fmedia&parent=22399"}],"wp:term":[{"taxonomy":"category","embeddable":true,"href":"https:\/\/wgphoto.pl\/t\/index.php?rest_route=%2Fwp%2Fv2%2Fcategories&post=22399"},{"taxonomy":"post_tag","embeddable":true,"href":"https:\/\/wgphoto.pl\/t\/index.php?rest_route=%2Fwp%2Fv2%2Ftags&post=22399"}],"curies":[{"name":"wp","href":"https:\/\/api.w.org\/{rel}","templated":true}]}}