{"id":22402,"date":"2025-11-21T18:59:04","date_gmt":"2025-11-21T17:59:04","guid":{"rendered":"https:\/\/wgphoto.pl\/t\/?p=22402"},"modified":"2025-11-21T19:01:38","modified_gmt":"2025-11-21T18:01:38","slug":"hydra-do-rakovnika","status":"publish","type":"post","link":"https:\/\/wgphoto.pl\/t\/?p=22402","title":{"rendered":"Hydra do Rakovn\u00edka"},"content":{"rendered":"\n<figure class=\"wp-block-image aligncenter size-full\"><img loading=\"lazy\" decoding=\"async\" width=\"1400\" height=\"927\" src=\"https:\/\/wgphoto.pl\/t\/wp-content\/uploads\/2025\/11\/IMGP2907.jpg\" alt=\"\" class=\"wp-image-22403\" srcset=\"https:\/\/wgphoto.pl\/t\/wp-content\/uploads\/2025\/11\/IMGP2907.jpg 1400w, https:\/\/wgphoto.pl\/t\/wp-content\/uploads\/2025\/11\/IMGP2907-300x199.jpg 300w, https:\/\/wgphoto.pl\/t\/wp-content\/uploads\/2025\/11\/IMGP2907-768x509.jpg 768w\" sizes=\"auto, (max-width: 1400px) 100vw, 1400px\" \/><\/figure>\n\n\n\n<div class=\"wp-block-group has-global-padding is-layout-constrained wp-block-group-is-layout-constrained\">\n<p>Hydra 854.212 o imieniu \u0160t\u011bkna z poci\u0105giem przyspieszonym 1576 relacji Praha-Dejvice &#8211; Rakovn\u00edk niedawno opu\u015bci\u0142a Lu\u017en\u0105. Te sympatyczne wagony motorowe wyje\u017cd\u017caj\u0105 swoje ostatnie kilometry, cho\u0107 w rejonie Pragi przetrwaj\u0105 pewnie jeszcze z rok. Na zdj\u0119cie za\u0142apa\u0142 si\u0119 jedyny obieg docieraj\u0105cy a\u017c do Rakovn\u00edka, realizowany tylko w dni robocze. Kilkana\u015bcie lat temu motorowe wozy 854 by\u0142y tu widokiem powszechnym. 20.05.2025<\/p>\n<\/div>\n","protected":false},"excerpt":{"rendered":"<p>Hydra 854.212 o imieniu \u0160t\u011bkna z poci\u0105giem przyspieszonym 1576 relacji Praha-Dejvice &#8211; Rakovn\u00edk niedawno opu\u015bci\u0142a Lu\u017en\u0105. Te sympatyczne wagony motorowe wyje\u017cd\u017caj\u0105 swoje ostatnie kilometry, cho\u0107 w rejonie Pragi przetrwaj\u0105 pewnie jeszcze z rok. Na zdj\u0119cie za\u0142apa\u0142 si\u0119 jedyny obieg docieraj\u0105cy a\u017c do Rakovn\u00edka, realizowany tylko w dni robocze. Kilkana\u015bcie lat temu motorowe wozy 854 by\u0142y [&hellip;]<\/p>\n","protected":false},"author":1,"featured_media":22403,"comment_status":"open","ping_status":"","sticky":false,"template":"","format":"standard","meta":{"footnotes":""},"categories":[2,3208],"tags":[4013,552,50,49,4589,3839,700,294],"class_list":["post-22402","post","type-post","status-publish","format-standard","has-post-thumbnail","hentry","category-kolej","category-rok-2025","tag-2025-05-20","tag-552","tag-cd","tag-czechy","tag-luzna-u-rakovnika","tag-majowka-2025","tag-tab-cz120","tag-wiosna"],"_links":{"self":[{"href":"https:\/\/wgphoto.pl\/t\/index.php?rest_route=\/wp\/v2\/posts\/22402","targetHints":{"allow":["GET"]}}],"collection":[{"href":"https:\/\/wgphoto.pl\/t\/index.php?rest_route=\/wp\/v2\/posts"}],"about":[{"href":"https:\/\/wgphoto.pl\/t\/index.php?rest_route=\/wp\/v2\/types\/post"}],"author":[{"embeddable":true,"href":"https:\/\/wgphoto.pl\/t\/index.php?rest_route=\/wp\/v2\/users\/1"}],"replies":[{"embeddable":true,"href":"https:\/\/wgphoto.pl\/t\/index.php?rest_route=%2Fwp%2Fv2%2Fcomments&post=22402"}],"version-history":[{"count":4,"href":"https:\/\/wgphoto.pl\/t\/index.php?rest_route=\/wp\/v2\/posts\/22402\/revisions"}],"predecessor-version":[{"id":22407,"href":"https:\/\/wgphoto.pl\/t\/index.php?rest_route=\/wp\/v2\/posts\/22402\/revisions\/22407"}],"wp:featuredmedia":[{"embeddable":true,"href":"https:\/\/wgphoto.pl\/t\/index.php?rest_route=\/wp\/v2\/media\/22403"}],"wp:attachment":[{"href":"https:\/\/wgphoto.pl\/t\/index.php?rest_route=%2Fwp%2Fv2%2Fmedia&parent=22402"}],"wp:term":[{"taxonomy":"category","embeddable":true,"href":"https:\/\/wgphoto.pl\/t\/index.php?rest_route=%2Fwp%2Fv2%2Fcategories&post=22402"},{"taxonomy":"post_tag","embeddable":true,"href":"https:\/\/wgphoto.pl\/t\/index.php?rest_route=%2Fwp%2Fv2%2Ftags&post=22402"}],"curies":[{"name":"wp","href":"https:\/\/api.w.org\/{rel}","templated":true}]}}