{"id":2242,"date":"2024-10-11T19:31:03","date_gmt":"2024-10-11T17:31:03","guid":{"rendered":"https:\/\/wgphoto.pl\/t\/?p=2242"},"modified":"2024-10-11T19:31:03","modified_gmt":"2024-10-11T17:31:03","slug":"eu07-036","status":"publish","type":"post","link":"https:\/\/wgphoto.pl\/t\/?p=2242","title":{"rendered":"EU07-036"},"content":{"rendered":"\n<figure class=\"wp-block-image aligncenter size-full\"><img loading=\"lazy\" decoding=\"async\" width=\"1200\" height=\"800\" src=\"https:\/\/wgphoto.pl\/t\/wp-content\/uploads\/2024\/10\/0503-06.jpg\" alt=\"\" class=\"wp-image-2243\" srcset=\"https:\/\/wgphoto.pl\/t\/wp-content\/uploads\/2024\/10\/0503-06.jpg 1200w, https:\/\/wgphoto.pl\/t\/wp-content\/uploads\/2024\/10\/0503-06-300x200.jpg 300w, https:\/\/wgphoto.pl\/t\/wp-content\/uploads\/2024\/10\/0503-06-768x512.jpg 768w\" sizes=\"auto, (max-width: 1200px) 100vw, 1200px\" \/><\/figure>\n\n\n\n<div class=\"wp-block-group has-global-padding is-layout-constrained wp-block-group-is-layout-constrained\">\n<p>Poci\u0105g przyspieszony 66523 &#8222;Szklarka&#8221; relacji (Pozna\u0144 G\u0142.) &#8211; Wroc\u0142aw G\u0142. &#8211; Szklarska Por\u0119ba G\u00f3rna zbli\u017ca si\u0119 do nieczynnego posterunku odga\u0142\u0119\u017anego Marcisz\u00f3w G\u00f3rny. Do czerwca 2001 roku odga\u0142\u0119zia\u0142a si\u0119 tu \u0142\u0105cznica do Podg Kru\u017cyn, dzi\u0119ki kt\u00f3rej mo\u017cna by\u0142o pojecha\u0107 bezpo\u015brednio w kierunku Kamiennej G\u00f3ry, bez konieczno\u015bci zmiany czo\u0142a w pobliskim S\u0119dzis\u0142awiu. Uk\u0142ad torowy posterunku jest obecnie rozebrany, a nastawnia zosta\u0142a zburzona. 13.02.2005<\/p>\n<\/div>\n","protected":false},"excerpt":{"rendered":"<p>Poci\u0105g przyspieszony 66523 &#8222;Szklarka&#8221; relacji (Pozna\u0144 G\u0142.) &#8211; Wroc\u0142aw G\u0142. &#8211; Szklarska Por\u0119ba G\u00f3rna zbli\u017ca si\u0119 do nieczynnego posterunku odga\u0142\u0119\u017anego Marcisz\u00f3w G\u00f3rny. Do czerwca 2001 roku odga\u0142\u0119zia\u0142a si\u0119 tu \u0142\u0105cznica do Podg Kru\u017cyn, dzi\u0119ki kt\u00f3rej mo\u017cna by\u0142o pojecha\u0107 bezpo\u015brednio w kierunku Kamiennej G\u00f3ry, bez konieczno\u015bci zmiany czo\u0142a w pobliskim S\u0119dzis\u0142awiu. Uk\u0142ad torowy posterunku jest obecnie [&hellip;]<\/p>\n","protected":false},"author":1,"featured_media":2243,"comment_status":"open","ping_status":"","sticky":false,"template":"","format":"standard","meta":{"footnotes":""},"categories":[62,2,311],"tags":[1172,122,83,1171,63,27,1061,44,200],"class_list":["post-2242","post","type-post","status-publish","format-standard","has-post-thumbnail","hentry","category-analog","category-kolej","category-rok-2005","tag-2005-02-13","tag-eu07","tag-marciszow","tag-marciszow-gorny","tag-pkp","tag-polska","tag-sedzislaw","tag-snieg","tag-tab-pl240"],"_links":{"self":[{"href":"https:\/\/wgphoto.pl\/t\/index.php?rest_route=\/wp\/v2\/posts\/2242","targetHints":{"allow":["GET"]}}],"collection":[{"href":"https:\/\/wgphoto.pl\/t\/index.php?rest_route=\/wp\/v2\/posts"}],"about":[{"href":"https:\/\/wgphoto.pl\/t\/index.php?rest_route=\/wp\/v2\/types\/post"}],"author":[{"embeddable":true,"href":"https:\/\/wgphoto.pl\/t\/index.php?rest_route=\/wp\/v2\/users\/1"}],"replies":[{"embeddable":true,"href":"https:\/\/wgphoto.pl\/t\/index.php?rest_route=%2Fwp%2Fv2%2Fcomments&post=2242"}],"version-history":[{"count":1,"href":"https:\/\/wgphoto.pl\/t\/index.php?rest_route=\/wp\/v2\/posts\/2242\/revisions"}],"predecessor-version":[{"id":2244,"href":"https:\/\/wgphoto.pl\/t\/index.php?rest_route=\/wp\/v2\/posts\/2242\/revisions\/2244"}],"wp:featuredmedia":[{"embeddable":true,"href":"https:\/\/wgphoto.pl\/t\/index.php?rest_route=\/wp\/v2\/media\/2243"}],"wp:attachment":[{"href":"https:\/\/wgphoto.pl\/t\/index.php?rest_route=%2Fwp%2Fv2%2Fmedia&parent=2242"}],"wp:term":[{"taxonomy":"category","embeddable":true,"href":"https:\/\/wgphoto.pl\/t\/index.php?rest_route=%2Fwp%2Fv2%2Fcategories&post=2242"},{"taxonomy":"post_tag","embeddable":true,"href":"https:\/\/wgphoto.pl\/t\/index.php?rest_route=%2Fwp%2Fv2%2Ftags&post=2242"}],"curies":[{"name":"wp","href":"https:\/\/api.w.org\/{rel}","templated":true}]}}