{"id":22420,"date":"2025-11-30T14:53:12","date_gmt":"2025-11-30T13:53:12","guid":{"rendered":"https:\/\/wgphoto.pl\/t\/?p=22420"},"modified":"2025-11-30T14:53:12","modified_gmt":"2025-11-30T13:53:12","slug":"eu43-001-25-lat-pozniej","status":"publish","type":"post","link":"https:\/\/wgphoto.pl\/t\/?p=22420","title":{"rendered":"EU43-001 25 lat p\u00f3\u017aniej"},"content":{"rendered":"\n<figure class=\"wp-block-image aligncenter size-full\"><img loading=\"lazy\" decoding=\"async\" width=\"1400\" height=\"933\" src=\"https:\/\/wgphoto.pl\/t\/wp-content\/uploads\/2025\/11\/DSCF0188.jpg\" alt=\"\" class=\"wp-image-22421\" srcset=\"https:\/\/wgphoto.pl\/t\/wp-content\/uploads\/2025\/11\/DSCF0188.jpg 1400w, https:\/\/wgphoto.pl\/t\/wp-content\/uploads\/2025\/11\/DSCF0188-300x200.jpg 300w, https:\/\/wgphoto.pl\/t\/wp-content\/uploads\/2025\/11\/DSCF0188-768x512.jpg 768w\" sizes=\"auto, (max-width: 1400px) 100vw, 1400px\" \/><\/figure>\n\n\n\n<div class=\"wp-block-group has-global-padding is-layout-constrained wp-block-group-is-layout-constrained\">\n<p>EU43-001 ze sk\u0142adem krytych wagon\u00f3w i jedn\u0105 w\u0119glark\u0105 zje\u017cd\u017ca z Brenneru w kierunku Werony. Salorno-Salurn, 19.07.2025<\/p>\n<\/div>\n","protected":false},"excerpt":{"rendered":"<p>EU43-001 ze sk\u0142adem krytych wagon\u00f3w i jedn\u0105 w\u0119glark\u0105 zje\u017cd\u017ca z Brenneru w kierunku Werony. Salorno-Salurn, 19.07.2025<\/p>\n","protected":false},"author":1,"featured_media":22421,"comment_status":"open","ping_status":"","sticky":false,"template":"","format":"standard","meta":{"footnotes":""},"categories":[2,3208],"tags":[4501,4461,4479,114,4480,4521,244,4458,110],"class_list":["post-22420","post","type-post","status-publish","format-standard","has-post-thumbnail","hentry","category-kolej","category-rok-2025","tag-2025-07-19","tag-brennerbahn","tag-eu43","tag-gory","tag-rtc","tag-salorno-salurn","tag-skaly","tag-wakacje-2025","tag-wlochy"],"_links":{"self":[{"href":"https:\/\/wgphoto.pl\/t\/index.php?rest_route=\/wp\/v2\/posts\/22420","targetHints":{"allow":["GET"]}}],"collection":[{"href":"https:\/\/wgphoto.pl\/t\/index.php?rest_route=\/wp\/v2\/posts"}],"about":[{"href":"https:\/\/wgphoto.pl\/t\/index.php?rest_route=\/wp\/v2\/types\/post"}],"author":[{"embeddable":true,"href":"https:\/\/wgphoto.pl\/t\/index.php?rest_route=\/wp\/v2\/users\/1"}],"replies":[{"embeddable":true,"href":"https:\/\/wgphoto.pl\/t\/index.php?rest_route=%2Fwp%2Fv2%2Fcomments&post=22420"}],"version-history":[{"count":1,"href":"https:\/\/wgphoto.pl\/t\/index.php?rest_route=\/wp\/v2\/posts\/22420\/revisions"}],"predecessor-version":[{"id":22422,"href":"https:\/\/wgphoto.pl\/t\/index.php?rest_route=\/wp\/v2\/posts\/22420\/revisions\/22422"}],"wp:featuredmedia":[{"embeddable":true,"href":"https:\/\/wgphoto.pl\/t\/index.php?rest_route=\/wp\/v2\/media\/22421"}],"wp:attachment":[{"href":"https:\/\/wgphoto.pl\/t\/index.php?rest_route=%2Fwp%2Fv2%2Fmedia&parent=22420"}],"wp:term":[{"taxonomy":"category","embeddable":true,"href":"https:\/\/wgphoto.pl\/t\/index.php?rest_route=%2Fwp%2Fv2%2Fcategories&post=22420"},{"taxonomy":"post_tag","embeddable":true,"href":"https:\/\/wgphoto.pl\/t\/index.php?rest_route=%2Fwp%2Fv2%2Ftags&post=22420"}],"curies":[{"name":"wp","href":"https:\/\/api.w.org\/{rel}","templated":true}]}}