{"id":22440,"date":"2025-12-09T18:27:47","date_gmt":"2025-12-09T17:27:47","guid":{"rendered":"https:\/\/wgphoto.pl\/t\/?p=22440"},"modified":"2025-12-09T18:27:47","modified_gmt":"2025-12-09T17:27:47","slug":"lok-rybnik-a-d-2025","status":"publish","type":"post","link":"https:\/\/wgphoto.pl\/t\/?p=22440","title":{"rendered":"Lok. Rybnik A.D. 2025"},"content":{"rendered":"\n<figure class=\"wp-block-image aligncenter size-full\"><img loading=\"lazy\" decoding=\"async\" width=\"1400\" height=\"927\" src=\"https:\/\/wgphoto.pl\/t\/wp-content\/uploads\/2025\/12\/IMGP2196.jpg\" alt=\"\" class=\"wp-image-22441\" srcset=\"https:\/\/wgphoto.pl\/t\/wp-content\/uploads\/2025\/12\/IMGP2196.jpg 1400w, https:\/\/wgphoto.pl\/t\/wp-content\/uploads\/2025\/12\/IMGP2196-300x199.jpg 300w, https:\/\/wgphoto.pl\/t\/wp-content\/uploads\/2025\/12\/IMGP2196-768x509.jpg 768w\" sizes=\"auto, (max-width: 1400px) 100vw, 1400px\" \/><\/figure>\n\n\n\n<div class=\"wp-block-group has-global-padding is-layout-constrained wp-block-group-is-layout-constrained\">\n<p>ET42-017 rozpoczyna rz\u0105dek lokomotyw odstawionych w lokomotywowni Rybnik. Nie by\u0142em jednak tak skrupulatny jak 21 lat wcze\u015bniej i nie spisa\u0142em numer\u00f3w kolejnych maszyn. \ud83d\ude42 02.05.2025<\/p>\n<\/div>\n","protected":false},"excerpt":{"rendered":"<p>ET42-017 rozpoczyna rz\u0105dek lokomotyw odstawionych w lokomotywowni Rybnik. Nie by\u0142em jednak tak skrupulatny jak 21 lat wcze\u015bniej i nie spisa\u0142em numer\u00f3w kolejnych maszyn. \ud83d\ude42 02.05.2025<\/p>\n","protected":false},"author":1,"featured_media":22441,"comment_status":"open","ping_status":"","sticky":false,"template":"","format":"standard","meta":{"footnotes":""},"categories":[2,3208],"tags":[3750,995,359,63,27,1767,4595],"class_list":["post-22440","post","type-post","status-publish","format-standard","has-post-thumbnail","hentry","category-kolej","category-rok-2025","tag-2025-05-02","tag-et42","tag-lokomotywownia","tag-pkp","tag-polska","tag-porownania","tag-rybnik"],"_links":{"self":[{"href":"https:\/\/wgphoto.pl\/t\/index.php?rest_route=\/wp\/v2\/posts\/22440","targetHints":{"allow":["GET"]}}],"collection":[{"href":"https:\/\/wgphoto.pl\/t\/index.php?rest_route=\/wp\/v2\/posts"}],"about":[{"href":"https:\/\/wgphoto.pl\/t\/index.php?rest_route=\/wp\/v2\/types\/post"}],"author":[{"embeddable":true,"href":"https:\/\/wgphoto.pl\/t\/index.php?rest_route=\/wp\/v2\/users\/1"}],"replies":[{"embeddable":true,"href":"https:\/\/wgphoto.pl\/t\/index.php?rest_route=%2Fwp%2Fv2%2Fcomments&post=22440"}],"version-history":[{"count":1,"href":"https:\/\/wgphoto.pl\/t\/index.php?rest_route=\/wp\/v2\/posts\/22440\/revisions"}],"predecessor-version":[{"id":22442,"href":"https:\/\/wgphoto.pl\/t\/index.php?rest_route=\/wp\/v2\/posts\/22440\/revisions\/22442"}],"wp:featuredmedia":[{"embeddable":true,"href":"https:\/\/wgphoto.pl\/t\/index.php?rest_route=\/wp\/v2\/media\/22441"}],"wp:attachment":[{"href":"https:\/\/wgphoto.pl\/t\/index.php?rest_route=%2Fwp%2Fv2%2Fmedia&parent=22440"}],"wp:term":[{"taxonomy":"category","embeddable":true,"href":"https:\/\/wgphoto.pl\/t\/index.php?rest_route=%2Fwp%2Fv2%2Fcategories&post=22440"},{"taxonomy":"post_tag","embeddable":true,"href":"https:\/\/wgphoto.pl\/t\/index.php?rest_route=%2Fwp%2Fv2%2Ftags&post=22440"}],"curies":[{"name":"wp","href":"https:\/\/api.w.org\/{rel}","templated":true}]}}